{"id":9952,"date":"2026-08-31T14:48:28","date_gmt":"2026-08-31T12:48:28","guid":{"rendered":"https:\/\/etvenns.at\/web\/?p=9952"},"modified":"2026-08-31T14:52:33","modified_gmt":"2026-08-31T12:52:33","slug":"start-der-jugendmeisterschaft-2","status":"publish","type":"post","link":"https:\/\/etvenns.at\/web\/2026\/08\/31\/start-der-jugendmeisterschaft-2\/","title":{"rendered":"Start der Jugendmeisterschaft"},"content":{"rendered":"\n<p class=\"wp-block-paragraph\">Nun sind unsere Nachwuchsspieler im Meisterschaftsfieber! \ud83c\udfbe\ud83d\udd25 Insgesamt vier Mannschaften nehmen seitens des ETV an den O\u00d6 Jugendmeisterschaften 2026 teil. In f\u00fcnf Runden werden die Meister in den jeweiligen Gruppen ermittelt.<\/p>\n\n\n\n<p class=\"wp-block-paragraph\"><strong>Kids Team <\/strong>(<a href=\"https:\/\/www.ooetv.at\/liga\/juniors\/296851\">League Ost B<\/a>) <br>In der ersten Runde trat unsere Mannschaft bei einem Heimspiel gegen den UTC Gebol Asten an. Leider reichte es am Ende nur zu einem 2:3 \u2013 der Spielfreude tat das aber keinen Abbruch! Nur weiter so \u2013 vielleicht folgt der erste Sieg ja schon n\u00e4chsten Samstag! \ud83d\udcaa<\/p>\n\n\n\n<p class=\"wp-block-paragraph\"><strong>Green Team 1<\/strong> (<a href=\"https:\/\/www.ooetv.at\/liga\/juniors\/297067\">League Ost H<\/a>)<br>Das Team nutzte den Heimvorteil gegen die SPG Luftenberg\/St. Georgen und durfte sich \u00fcber einen 4:2-Erfolg freuen. Nach den Einzeln stand es noch 2:2, doch in den entscheidenden Doppeln lie\u00dfen die Jungs nichts anbrennen und gaben insgesamt nur sechs Games ab. Stark gemacht! \ud83d\udc4f<\/p>\n\n\n\n<p class=\"wp-block-paragraph\"><strong>Green Team 2<\/strong> (<a href=\"https:\/\/www.ooetv.at\/liga\/juniors\/297068\">League Ost I<\/a>)<br>Auch diese Mannschaft durfte \u00fcber ihren ersten Sieg jubeln \u2013 und das ausw\u00e4rts beim UTC RCP Niederneukirchen. Mit einem 4:2-Erfolg nahm das Team neben strahlenden Gesichtern auch die ersten Punkte mit nach Hause. Herzlichen Gl\u00fcckwunsch! \ud83c\udf89<\/p>\n\n\n\n<p class=\"wp-block-paragraph\"><strong>Junior Team<\/strong> (<a href=\"https:\/\/www.ooetv.at\/liga\/juniors\/296805\">Bezirksklasse Ost C<\/a>) <br>Auch die \u201eGro\u00dfen\u201c legten einen hervorragenden Start hin und konnten ausw\u00e4rts gegen den UTC Kronstorf einen 4:2-Auftaktsieg verbuchen. \ud83d\udcaa\ud83c\udfbe<\/p>\n\n\n\n<p class=\"wp-block-paragraph\">Und denkt daran: Gemeinsam k\u00e4mpfen, sich gegenseitig anfeuern und niemals aufgeben \u2013 das macht eine Mannschaft aus!<br>Gewinnt gemeinsam, verliert gemeinsam und habt vor allem eines:&nbsp;<strong>Spa\u00df am Tennis!<\/strong>&nbsp;\u2764\ufe0f\ud83c\udfbe<br>Wir w\u00fcnschen euch eine gro\u00dfartige und spannende Meisterschaft! Viel Erfolg f\u00fcr die kommenden Runden! \ud83c\udf40<\/p>\n\n\n\n<p class=\"wp-block-paragraph\">Hier unsere beiden Green Teams vom vergangenen Wochenende:<\/p>\n\n\n\n<div class=\"alignnormal\"><div id=\"metaslider-id-9954\" style=\"width: 100%;\" class=\"ml-slider-3-111-2 metaslider metaslider-flex metaslider-9954 ml-slider has-dots-nav ms-theme-default-base\" role=\"region\" aria-label=\"2026_Jugendmannschaften_Runde1\" data-height=\"400\" data-width=\"700\">\n    <div id=\"metaslider_container_9954\">\n        <div id=\"metaslider_9954\">\n            <ul aria-live='off' class='slides'>\n                <li style=\"display: block; width: 100%;\" class=\"slide-9955 ms-image \" aria-roledescription=\"slide\" data-date=\"2026-08-31 14:07:03\" data-filename=\"IMG-20260829-WA0008-700x400.jpg\" data-slide-type=\"image\"><img loading=\"lazy\" decoding=\"async\" src=\"data:image\/gif;base64,R0lGODlhAQABAAAAACH5BAEKAAEALAAAAAABAAEAAAICTAEAOw==\" height=\"400\" width=\"700\" alt=\"\" class=\"slider-9954 slide-9955 msDefaultImage lazyload\" title=\"IMG-20260829-WA0008\" data-src=\"https:\/\/etvenns.at\/web\/wp-content\/uploads\/2026\/08\/IMG-20260829-WA0008-700x400.jpg\"><\/li>\n                <li style=\"display: none; width: 100%;\" class=\"slide-9956 ms-image \" aria-roledescription=\"slide\" data-date=\"2026-08-31 14:07:03\" data-filename=\"IMG-20260829-WA0007-700x400.jpg\" data-slide-type=\"image\"><img loading=\"lazy\" decoding=\"async\" src=\"data:image\/gif;base64,R0lGODlhAQABAAAAACH5BAEKAAEALAAAAAABAAEAAAICTAEAOw==\" height=\"400\" width=\"700\" alt=\"\" class=\"slider-9954 slide-9956 msDefaultImage lazyload\" title=\"IMG-20260829-WA0007\" data-src=\"https:\/\/etvenns.at\/web\/wp-content\/uploads\/2026\/08\/IMG-20260829-WA0007-700x400.jpg\"><\/li>\n                <li style=\"display: none; width: 100%;\" class=\"slide-9957 ms-image \" aria-roledescription=\"slide\" data-date=\"2026-08-31 14:07:03\" data-filename=\"IMG-20260829-WA0006-700x400.jpg\" data-slide-type=\"image\"><img loading=\"lazy\" decoding=\"async\" src=\"data:image\/gif;base64,R0lGODlhAQABAAAAACH5BAEKAAEALAAAAAABAAEAAAICTAEAOw==\" height=\"400\" width=\"700\" alt=\"\" class=\"slider-9954 slide-9957 msDefaultImage lazyload\" title=\"IMG-20260829-WA0006\" data-src=\"https:\/\/etvenns.at\/web\/wp-content\/uploads\/2026\/08\/IMG-20260829-WA0006-700x400.jpg\"><\/li>\n            <\/ul>\n        <\/div>\n        \n    <\/div>\n<\/div><\/div>\n","protected":false},"excerpt":{"rendered":"<p>Nun sind unsere Nachwuchsspieler im Meisterschaftsfieber! \ud83c\udfbe\ud83d\udd25 Insgesamt vier Mannschaften nehmen seitens des ETV an den O\u00d6 Jugendmeisterschaften 2026 teil. In f\u00fcnf Runden werden die Meister in den jeweiligen Gruppen &#8230;<\/p>\n","protected":false},"author":3,"featured_media":9947,"comment_status":"closed","ping_status":"open","sticky":false,"template":"","format":"standard","meta":{"footnotes":""},"categories":[36,39],"tags":[],"class_list":["post-9952","post","type-post","status-publish","format-standard","has-post-thumbnail","hentry","category-jugend","category-meisterschaft"],"_links":{"self":[{"href":"https:\/\/etvenns.at\/web\/wp-json\/wp\/v2\/posts\/9952","targetHints":{"allow":["GET"]}}],"collection":[{"href":"https:\/\/etvenns.at\/web\/wp-json\/wp\/v2\/posts"}],"about":[{"href":"https:\/\/etvenns.at\/web\/wp-json\/wp\/v2\/types\/post"}],"author":[{"embeddable":true,"href":"https:\/\/etvenns.at\/web\/wp-json\/wp\/v2\/users\/3"}],"replies":[{"embeddable":true,"href":"https:\/\/etvenns.at\/web\/wp-json\/wp\/v2\/comments?post=9952"}],"version-history":[{"count":4,"href":"https:\/\/etvenns.at\/web\/wp-json\/wp\/v2\/posts\/9952\/revisions"}],"predecessor-version":[{"id":9960,"href":"https:\/\/etvenns.at\/web\/wp-json\/wp\/v2\/posts\/9952\/revisions\/9960"}],"wp:featuredmedia":[{"embeddable":true,"href":"https:\/\/etvenns.at\/web\/wp-json\/wp\/v2\/media\/9947"}],"wp:attachment":[{"href":"https:\/\/etvenns.at\/web\/wp-json\/wp\/v2\/media?parent=9952"}],"wp:term":[{"taxonomy":"category","embeddable":true,"href":"https:\/\/etvenns.at\/web\/wp-json\/wp\/v2\/categories?post=9952"},{"taxonomy":"post_tag","embeddable":true,"href":"https:\/\/etvenns.at\/web\/wp-json\/wp\/v2\/tags?post=9952"}],"curies":[{"name":"wp","href":"https:\/\/api.w.org\/{rel}","templated":true}]}}