{"id":9543,"date":"2026-04-30T07:49:28","date_gmt":"2026-04-30T05:49:28","guid":{"rendered":"https:\/\/etvenns.at\/web\/?p=9543"},"modified":"2026-04-30T09:21:08","modified_gmt":"2026-04-30T07:21:08","slug":"aenderung-der-vereinsstatuten","status":"publish","type":"post","link":"https:\/\/etvenns.at\/web\/2026\/04\/30\/aenderung-der-vereinsstatuten\/","title":{"rendered":"\u00c4nderung der Vereinsstatuten"},"content":{"rendered":"<p>Um die Zahl der Vorstandsmitglieder k\u00fcnftig flexibler gestalten zu k\u00f6nnen, wurde in der Generalversammlung am 24. April 2026 ein Antrag auf \u00c4nderung der Statuten gestellt. Die bislang geltende Festlegung auf sechs Mitglieder schr\u00e4nkte die Gestaltungsm\u00f6glichkeiten und damit wom\u00f6glich sinnvolle Aufgabenverteilungen ein.<br>Die neue Teilungsm\u00f6glichkeit von Funktionen erleichtert das gemeinsame Tragen der Arbeitslast und erh\u00f6ht die Bereitschaft zur \u00dcbernahme von Vorstandsfunktionen.<br>Die Aufnahme des Jugendreferenten in den Vorstand wertet seine Arbeit auf und unterstreicht die Bedeutung der Jugendarbeit des ETV 1874.<\/p><p>Diese \u00c4nderung wurde zum Anlass genommen, einige weitere sinnvolle Anpassungen und Berichtigungen in anderen Regelungsbereichen vorzunehmen. So wurde auch zum Beispiel eine Anpassung an das geltende Datenschutzrecht der DSGVO vorgenommen, die es dem Verein erm\u00f6glicht, die Daten seiner Mitglieder rechtskonform zu verarbeiten.<\/p><p>Bei der Generalversammlung am 24.04.2026 wurde der Antrag auf \u00c4nderung der Statuten einstimmig angenommen.<\/p><p>Herzlichen Dank an Martin Steinwendner f\u00fcr die rechtliche Beratung und Formulierung der neuen Vereinsstatuten.<\/p><p><strong><a href=\"http:\/\/etvenns.at\/web\/wp-content\/uploads\/2026\/04\/Statuten-2026_ETV.pdf\">Vereinsstatuten 2026<\/a><\/strong><\/p>","protected":false},"excerpt":{"rendered":"<p>Um die Zahl der Vorstandsmitglieder k\u00fcnftig flexibler gestalten zu k\u00f6nnen, wurde in der Generalversammlung am 24. April 2026 ein Antrag auf \u00c4nderung der Statuten gestellt. Die bislang geltende Festlegung auf &#8230;<\/p>\n","protected":false},"author":3,"featured_media":9548,"comment_status":"closed","ping_status":"open","sticky":false,"template":"","format":"standard","meta":{"footnotes":""},"categories":[1],"tags":[],"class_list":["post-9543","post","type-post","status-publish","format-standard","has-post-thumbnail","hentry","category-uncategorized"],"_links":{"self":[{"href":"https:\/\/etvenns.at\/web\/wp-json\/wp\/v2\/posts\/9543"}],"collection":[{"href":"https:\/\/etvenns.at\/web\/wp-json\/wp\/v2\/posts"}],"about":[{"href":"https:\/\/etvenns.at\/web\/wp-json\/wp\/v2\/types\/post"}],"author":[{"embeddable":true,"href":"https:\/\/etvenns.at\/web\/wp-json\/wp\/v2\/users\/3"}],"replies":[{"embeddable":true,"href":"https:\/\/etvenns.at\/web\/wp-json\/wp\/v2\/comments?post=9543"}],"version-history":[{"count":2,"href":"https:\/\/etvenns.at\/web\/wp-json\/wp\/v2\/posts\/9543\/revisions"}],"predecessor-version":[{"id":9545,"href":"https:\/\/etvenns.at\/web\/wp-json\/wp\/v2\/posts\/9543\/revisions\/9545"}],"wp:featuredmedia":[{"embeddable":true,"href":"https:\/\/etvenns.at\/web\/wp-json\/wp\/v2\/media\/9548"}],"wp:attachment":[{"href":"https:\/\/etvenns.at\/web\/wp-json\/wp\/v2\/media?parent=9543"}],"wp:term":[{"taxonomy":"category","embeddable":true,"href":"https:\/\/etvenns.at\/web\/wp-json\/wp\/v2\/categories?post=9543"},{"taxonomy":"post_tag","embeddable":true,"href":"https:\/\/etvenns.at\/web\/wp-json\/wp\/v2\/tags?post=9543"}],"curies":[{"name":"wp","href":"https:\/\/api.w.org\/{rel}","templated":true}]}}