{"id":9526,"date":"2026-04-29T10:31:49","date_gmt":"2026-04-29T08:31:49","guid":{"rendered":"https:\/\/etvenns.at\/web\/?p=9526"},"modified":"2026-04-29T10:31:49","modified_gmt":"2026-04-29T08:31:49","slug":"veranstaltungshinweis-mentale-staerke-fuer-sportler","status":"publish","type":"post","link":"https:\/\/etvenns.at\/web\/2026\/04\/29\/veranstaltungshinweis-mentale-staerke-fuer-sportler\/","title":{"rendered":"Veranstaltungshinweis: &#8222;Mentale St\u00e4rke f\u00fcr Sportler&#8220;"},"content":{"rendered":"<p><strong>Lesung aus dem Buch &#8222;Mentale St\u00e4rke f\u00fcr Sportler&#8220; von Philipp Kroiss im Auerspergsaal des Schlosses Ennsegg <br>Mittwoch, 6. Mai 2026, 19:30 bis 21:00 Uhr <br>Schlossgasse 4, 4470 Enns<\/strong> <\/p><p>Der ehemalige Profi-Volleyballer Philipp Kroiss aus Enns hat ein neues Buch ver\u00f6ffentlicht, das sich einem Thema widmet, das im Sport oft untersch\u00e4tzt wird: der mentalen St\u00e4rke im Wettkampf. Kroiss war 20 Jahre im Profisport aktiv, spielte f\u00fcr 14 Vereine in f\u00fcnf L\u00e4ndern und absolvierte 173 L\u00e4nderspiele f\u00fcr \u00d6sterreich. Heute begleitet er als diplomierter Mentaltrainer Sportler dabei, mit Druck, Gr\u00fcbeleien, Versagens\u00e4ngsten und Selbstzweifeln besser umzugehen. Sein Buch richtet sich an ehrgeizige Athleten, die sp\u00fcren, dass der n\u00e4chste Leistungssprung nicht im Technik- oder Krafttraining verborgen liegt, sondern \u201ezwischen den Ohren\u201c passieren muss. Statt trockener Theorie bietet das Buch 61 kurze, direkt anwendbare Impulse f\u00fcr den Trainings- und Wettkampfalltag. Kroiss galt lange selbst als &#8222;zu weich&#8220; und &#8222;mental nicht stark genug&#8220; f\u00fcr den Leistungssport. Als er mit 17 Jahren erstmals mit dem Mentaltraining in Ber\u00fchrung kam, brachte er seinen Geist unter Kontrolle und startete seine internationale Karriere. Das Feilen an seiner mentalen St\u00e4rke begleitete ihn von da an seine gesamte Laufbahn lang. Jetzt gibt er seine Insights weiter. Das Buch umfasst 188 Seiten und ist auf Amazon erh\u00e4ltlich. <br>Aufgrund des begrenzten Platzangebotes wird um Anmeldung unter <a href=\"mailto:info@philippkroiss.com\" target=\"_blank\" rel=\"noreferrer noopener\">info@philippkroiss.com<\/a> ersucht.<br>Eintritt frei! <\/p><p>Philipp Kroiss<br>\ud83c\udfd0 eh. Volleyball-Profi<br>\ud83e\udde0 Mindset-Mentor f\u00fcr Sportler<br>\ud83c\udf10 <a href=\"http:\/\/philippkroiss.com\/\" target=\"_blank\" rel=\"noreferrer noopener\">philippkroiss.com<\/a><\/p><p><\/p>","protected":false},"excerpt":{"rendered":"<p>Lesung aus dem Buch &#8222;Mentale St\u00e4rke f\u00fcr Sportler&#8220; von Philipp Kroiss im Auerspergsaal des Schlosses Ennsegg Mittwoch, 6. Mai 2026, 19:30 bis 21:00 Uhr Schlossgasse 4, 4470 Enns Der ehemalige &#8230;<\/p>\n","protected":false},"author":3,"featured_media":9525,"comment_status":"closed","ping_status":"open","sticky":false,"template":"","format":"standard","meta":{"footnotes":""},"categories":[1],"tags":[],"class_list":["post-9526","post","type-post","status-publish","format-standard","has-post-thumbnail","hentry","category-uncategorized"],"_links":{"self":[{"href":"https:\/\/etvenns.at\/web\/wp-json\/wp\/v2\/posts\/9526"}],"collection":[{"href":"https:\/\/etvenns.at\/web\/wp-json\/wp\/v2\/posts"}],"about":[{"href":"https:\/\/etvenns.at\/web\/wp-json\/wp\/v2\/types\/post"}],"author":[{"embeddable":true,"href":"https:\/\/etvenns.at\/web\/wp-json\/wp\/v2\/users\/3"}],"replies":[{"embeddable":true,"href":"https:\/\/etvenns.at\/web\/wp-json\/wp\/v2\/comments?post=9526"}],"version-history":[{"count":1,"href":"https:\/\/etvenns.at\/web\/wp-json\/wp\/v2\/posts\/9526\/revisions"}],"predecessor-version":[{"id":9527,"href":"https:\/\/etvenns.at\/web\/wp-json\/wp\/v2\/posts\/9526\/revisions\/9527"}],"wp:featuredmedia":[{"embeddable":true,"href":"https:\/\/etvenns.at\/web\/wp-json\/wp\/v2\/media\/9525"}],"wp:attachment":[{"href":"https:\/\/etvenns.at\/web\/wp-json\/wp\/v2\/media?parent=9526"}],"wp:term":[{"taxonomy":"category","embeddable":true,"href":"https:\/\/etvenns.at\/web\/wp-json\/wp\/v2\/categories?post=9526"},{"taxonomy":"post_tag","embeddable":true,"href":"https:\/\/etvenns.at\/web\/wp-json\/wp\/v2\/tags?post=9526"}],"curies":[{"name":"wp","href":"https:\/\/api.w.org\/{rel}","templated":true}]}}