{"id":9035,"date":"2025-06-27T19:00:00","date_gmt":"2025-06-27T17:00:00","guid":{"rendered":"https:\/\/etvenns.at\/web\/?p=9035"},"modified":"2025-06-27T15:06:36","modified_gmt":"2025-06-27T13:06:36","slug":"ergebnis-abstimmung-sandredcourt","status":"publish","type":"post","link":"https:\/\/etvenns.at\/web\/2025\/06\/27\/ergebnis-abstimmung-sandredcourt\/","title":{"rendered":"Ergebnis Abstimmung Sand&lt;>RedCourt"},"content":{"rendered":"<p>Liebe Mitglieder des ETV Enns!<\/p><p>Vielen Dank f\u00fcr eure Teilnahme an der Abstimmung. Wir haben uns \u00fcber jede einzelne Stimme, die abgegeben wurde, gefreut. Das Ergebnis lautet:<\/p><p>Von 210 Wahlberechtigten haben 98 eine g\u00fcltige Stimme abgegeben.<\/p><p><strong><mark style=\"background-color:rgba(0, 0, 0, 0)\" class=\"has-inline-color has-vivid-red-color\">Stimmen f\u00fcr neue Sandpl\u00e4tze: 33 = 33,67%<br>Stimmen f\u00fcr RedCourt Pl\u00e4tze: 65 = 66,33%<\/mark><\/strong><\/p><p>Wer m\u00f6chte kann gerne in das Abstimmungspostfach und in unsere Dokumentation Einsicht nehmen. Bitte kontaktiert dazu Gregor unter <a href=\"mailto:gregor.minichberger@etvenns.at\">gregor.minichberger@etvenns.at<\/a> oder +43 664 642 6485.<\/p><p>F\u00fcr uns als Vorstand ist das ein Auftrag die weiteren Schritte (Angebotseinholungen, F\u00f6rderantr\u00e4ge, Genehmigungen usw \u2026) mit RedCourt voranzutreiben. Wir halten euch auf dem Laufenden. <\/p><p>Florian, Gregor, Harald, Helfried, Mario und Philipp<\/p>","protected":false},"excerpt":{"rendered":"<p>Liebe Mitglieder des ETV Enns! Vielen Dank f\u00fcr eure Teilnahme an der Abstimmung. Wir haben uns \u00fcber jede einzelne Stimme, die abgegeben wurde, gefreut. Das Ergebnis lautet: Von 210 Wahlberechtigten &#8230;<\/p>\n","protected":false},"author":1,"featured_media":9037,"comment_status":"closed","ping_status":"open","sticky":false,"template":"","format":"standard","meta":{"footnotes":""},"categories":[1,211],"tags":[],"class_list":["post-9035","post","type-post","status-publish","format-standard","has-post-thumbnail","hentry","category-uncategorized","category-platzsanierung"],"_links":{"self":[{"href":"https:\/\/etvenns.at\/web\/wp-json\/wp\/v2\/posts\/9035"}],"collection":[{"href":"https:\/\/etvenns.at\/web\/wp-json\/wp\/v2\/posts"}],"about":[{"href":"https:\/\/etvenns.at\/web\/wp-json\/wp\/v2\/types\/post"}],"author":[{"embeddable":true,"href":"https:\/\/etvenns.at\/web\/wp-json\/wp\/v2\/users\/1"}],"replies":[{"embeddable":true,"href":"https:\/\/etvenns.at\/web\/wp-json\/wp\/v2\/comments?post=9035"}],"version-history":[{"count":2,"href":"https:\/\/etvenns.at\/web\/wp-json\/wp\/v2\/posts\/9035\/revisions"}],"predecessor-version":[{"id":9038,"href":"https:\/\/etvenns.at\/web\/wp-json\/wp\/v2\/posts\/9035\/revisions\/9038"}],"wp:featuredmedia":[{"embeddable":true,"href":"https:\/\/etvenns.at\/web\/wp-json\/wp\/v2\/media\/9037"}],"wp:attachment":[{"href":"https:\/\/etvenns.at\/web\/wp-json\/wp\/v2\/media?parent=9035"}],"wp:term":[{"taxonomy":"category","embeddable":true,"href":"https:\/\/etvenns.at\/web\/wp-json\/wp\/v2\/categories?post=9035"},{"taxonomy":"post_tag","embeddable":true,"href":"https:\/\/etvenns.at\/web\/wp-json\/wp\/v2\/tags?post=9035"}],"curies":[{"name":"wp","href":"https:\/\/api.w.org\/{rel}","templated":true}]}}