{"id":9003,"date":"2025-06-13T22:27:14","date_gmt":"2025-06-13T20:27:14","guid":{"rendered":"https:\/\/etvenns.at\/web\/?p=9003"},"modified":"2025-06-13T22:27:14","modified_gmt":"2025-06-13T20:27:14","slug":"info-zur-abstimmung-sand-redcourt-informationsveranstaltung","status":"publish","type":"post","link":"https:\/\/etvenns.at\/web\/2025\/06\/13\/info-zur-abstimmung-sand-redcourt-informationsveranstaltung\/","title":{"rendered":"Info zur Abstimmung Sand &lt;> RedCourt &#8211; Informationsveranstaltung"},"content":{"rendered":"<p>Liebes ETV Mitglied,<\/p><p>am 16. Juni 2025, 19:00 Uhr findet am ETV Platz die zweite und Ietzte Infoveranstaltung zur Platzsanierung und zur geplanten Abstimmung statt. Martin Schneiderbauer wird anwesend sein und \u00fcber seine Erfahrungen auf RedCourt berichten. Wir freuen uns auf euer Kommen und eure Fragen.<\/p><p><strong>Wir m\u00f6chten euch auf diesem Weg auch \u00fcber den Modus und Zeitplan der Abstimmung informieren:<\/strong><\/p><ul class=\"wp-block-list\"><li>Jedes Mitglied \u00fcber 16 Jahre ist stimmberechtigt und erh\u00e4lt via eMail am 17. Juni 2025 eine Einladung zur Abstimmung.<\/li>\n\n<li>Die Stimmabgabe erfolgt via eMail. Wir werten nur Stimmen, die von eMailadressen stammen, die in eurem eTennis-Profil hinterlegt sind und die an <a href=\"mailto:abstimmung@etvenns.at\">abstimmung@etvenns.at<\/a> gesendet werden. Jedes Vorstandsmitglied hat Zugriff auf eMails die an <a href=\"mailto:abstimmung@etvenns.at\">abstimmung@etvenns.at<\/a> eingehen.<\/li>\n\n<li>Die Stimmabgabe ist vom 17. Juni bis inkl. 26. Juni m\u00f6glich.\u00a0<\/li>\n\n<li>Das verbindliche Ergebnis wird am 27. Juni, 18:00 Uhr auf unserer Website und auf eTennis bekanntgegeben. Das Ergebnis ist f\u00fcr uns als Vorstand bindend und die Grundlage f\u00fcr die n\u00e4chsten Schritte (F\u00f6rderantr\u00e4ge, zus\u00e4tzliche Angebotslegungen usw \u2026)<\/li><\/ul><p>Wir als Vorstand haben eine <strong>einstimmige <\/strong>Pr\u00e4ferenz f\u00fcr RedCourt. <strong>Wir m\u00f6chten jedoch die Entscheidung \u00fcber die Belagswahl in die Hand unserer Mitglieder geben.<\/strong> Unsere Argumente pro RedCourt sind:<\/p><ul class=\"wp-block-list\"><li>ganzj\u00e4hrig bespielbar \u2013 realistisch eine verl\u00e4ngerte Saisondauer um 3-4 Monate, damit vor allem ein wesentlich fr\u00fcherer Start zu Saisonbeginn\u00a0<\/li>\n\n<li>schnelleres Spielen nach Regen, nur die Linien m\u00fcssen trocken sein<\/li>\n\n<li>langfristig gerechnet gleiche Kosten<\/li>\n\n<li>kein Platzwart im laufenden Betrieb n\u00f6tig<\/li>\n\n<li>keine Fr\u00fchjahrsinstandsetzung n\u00f6tig<\/li>\n\n<li>kein \u201eVerspringen\u201c der B\u00e4lle<\/li>\n\n<li>mit Sandplatzschuhen bespielbar<\/li><\/ul><p>Ein ausf\u00fchrliches Pro und Contra findest du hier:\u00a0<\/p><figure class=\"wp-block-embed is-type-wp-embed is-provider-etv-enns wp-block-embed-etv-enns\"><div class=\"wp-block-embed__wrapper\">\n<blockquote class=\"wp-embedded-content\" data-secret=\"zJoCNAc9oQ\"><a href=\"https:\/\/etvenns.at\/web\/2025\/05\/01\/platzsanierung-quo-vadis\/\">Platzsanierung &#8211; quo vadis &#8211; Zusammenfassung<\/a><\/blockquote><iframe loading=\"lazy\" class=\"wp-embedded-content\" sandbox=\"allow-scripts\" security=\"restricted\" style=\"position: absolute; visibility: hidden;\" title=\"&#8222;Platzsanierung &#8211; quo vadis &#8211; Zusammenfassung&#8220; &#8212; ETV Enns\" src=\"https:\/\/etvenns.at\/web\/2025\/05\/01\/platzsanierung-quo-vadis\/embed\/#?secret=81gubjA4HD#?secret=zJoCNAc9oQ\" data-secret=\"zJoCNAc9oQ\" width=\"600\" height=\"338\" frameborder=\"0\" marginwidth=\"0\" marginheight=\"0\" scrolling=\"no\"><\/iframe>\n<\/div><\/figure><p>Fragen? Bitte z\u00f6gert nicht, uns zu kontaktieren.<\/p>","protected":false},"excerpt":{"rendered":"<p>Liebes ETV Mitglied, am 16. Juni 2025, 19:00 Uhr findet am ETV Platz die zweite und Ietzte Infoveranstaltung zur Platzsanierung und zur geplanten Abstimmung statt. Martin Schneiderbauer wird anwesend sein &#8230;<\/p>\n","protected":false},"author":1,"featured_media":9004,"comment_status":"closed","ping_status":"open","sticky":false,"template":"","format":"standard","meta":{"footnotes":""},"categories":[211],"tags":[],"class_list":["post-9003","post","type-post","status-publish","format-standard","has-post-thumbnail","hentry","category-platzsanierung"],"_links":{"self":[{"href":"https:\/\/etvenns.at\/web\/wp-json\/wp\/v2\/posts\/9003"}],"collection":[{"href":"https:\/\/etvenns.at\/web\/wp-json\/wp\/v2\/posts"}],"about":[{"href":"https:\/\/etvenns.at\/web\/wp-json\/wp\/v2\/types\/post"}],"author":[{"embeddable":true,"href":"https:\/\/etvenns.at\/web\/wp-json\/wp\/v2\/users\/1"}],"replies":[{"embeddable":true,"href":"https:\/\/etvenns.at\/web\/wp-json\/wp\/v2\/comments?post=9003"}],"version-history":[{"count":1,"href":"https:\/\/etvenns.at\/web\/wp-json\/wp\/v2\/posts\/9003\/revisions"}],"predecessor-version":[{"id":9005,"href":"https:\/\/etvenns.at\/web\/wp-json\/wp\/v2\/posts\/9003\/revisions\/9005"}],"wp:featuredmedia":[{"embeddable":true,"href":"https:\/\/etvenns.at\/web\/wp-json\/wp\/v2\/media\/9004"}],"wp:attachment":[{"href":"https:\/\/etvenns.at\/web\/wp-json\/wp\/v2\/media?parent=9003"}],"wp:term":[{"taxonomy":"category","embeddable":true,"href":"https:\/\/etvenns.at\/web\/wp-json\/wp\/v2\/categories?post=9003"},{"taxonomy":"post_tag","embeddable":true,"href":"https:\/\/etvenns.at\/web\/wp-json\/wp\/v2\/tags?post=9003"}],"curies":[{"name":"wp","href":"https:\/\/api.w.org\/{rel}","templated":true}]}}