{"id":8909,"date":"2025-04-13T11:28:56","date_gmt":"2025-04-13T09:28:56","guid":{"rendered":"https:\/\/etvenns.at\/web\/?p=8909"},"modified":"2025-04-13T11:28:56","modified_gmt":"2025-04-13T09:28:56","slug":"%f0%9f%8e%be-i-leb-fuer-mein-verein-jetzt-wieder-lose-sammeln-fuer-unseren-tennisnachwuchs","status":"publish","type":"post","link":"https:\/\/etvenns.at\/web\/2025\/04\/13\/%f0%9f%8e%be-i-leb-fuer-mein-verein-jetzt-wieder-lose-sammeln-fuer-unseren-tennisnachwuchs\/","title":{"rendered":"\ud83c\udfbe &#8222;I leb\u2019 f\u00fcr mein\u2019 Verein&#8220; \u2013 Jetzt wieder Lose sammeln f\u00fcr unseren Tennisnachwuchs!\u00a0"},"content":{"rendered":"<p>Auch dieses Jahr hei\u00dft es wieder: &#8222;I leb\u2019 f\u00fcr mein\u2019 Verein!&#8220; \u2013 die beliebte BILLA-Aktion zur Unterst\u00fctzung von Amateursportvereinen ist zur\u00fcck!\u00a0<\/p><p><strong><a href=\"https:\/\/meinverein.billa.at\/loszuordnen\/vereinsseite\/10001001639\">LINK ZUM ZUORDNEN DER LOSE<\/a><\/strong><\/p><p>Dank eures gro\u00dfartigen Einsatzes in den letzten zwei Jahren konnten wir gemeinsam eine beeindruckende Anzahl an Losen sammeln und damit wertvolle Pr\u00e4mien f\u00fcr unseren Tennisverein sichern.&nbsp;<\/p><p>Ob Trainingsmaterial, neue Ausr\u00fcstung oder gezielte Unterst\u00fctzung unserer Kinder- und Jugendf\u00f6rderung \u2013 jede gesammelte Losnummer hat dazu beigetragen!<\/p><p>Jetzt z\u00e4hlt wieder jede Unterst\u00fctzung!<\/p><p>F\u00fcr jeden Einkauf ab 15\u202f\u20ac bei BILLA, BILLA PLUS oder im BILLA Online Shop gibt es ein Los \u2013 dieses k\u00f6nnt ihr unserem Verein zuordnen und so direkt zur Weiterentwicklung unseres Nachwuchses beitragen.<\/p><p>So funktioniert\u2019s:<br>&#8211; Lose im Markt mitnehmen oder im Online Shop sichern<br>&#8211; online auf <a href=\"https:\/\/meinverein.billa.at\/loszuordnen\/vereinsseite\/10001001639\">billa.at\/meinverein<\/a> unserem Verein zuordnen<br>&#8211; oder direkt in unsere Sammelbox im Clubhaus einwerfen<\/p><p>Falls euch die Online-Zuordnung schwerf\u00e4llt oder keine M\u00f6glichkeit dazu habt \u2013 kein Problem! <br>Werft eure Lose einfach in unsere Sammelbox im Vereinshaus, wir \u00fcbernehmen die Zuordnung f\u00fcr euch!\u00a0<\/p><p>&#8211; Aktionszeitraum: 3. April \u2013 17. Mai 2025<br>&#8211; Lose zuordnen bis: 1. Juni 2025<\/p><p>Lasst uns auch heuer wieder gemeinsam ein starkes Zeichen f\u00fcr unseren Verein setzen \u2013 f\u00fcr mehr Trainingsm\u00f6glichkeiten, bessere Ausstattung und noch mehr Spa\u00df f\u00fcr unsere jungen Talente!<\/p><p><strong>Wir sagen DANKE f\u00fcr eure Unterst\u00fctzung!<\/strong><\/p><p>F\u00fcr R\u00fcckfragen steht euch Philipp Egger unter (0699) 19298023 gerne zur Verf\u00fcgung.<\/p>","protected":false},"excerpt":{"rendered":"<p>Auch dieses Jahr hei\u00dft es wieder: &#8222;I leb\u2019 f\u00fcr mein\u2019 Verein!&#8220; \u2013 die beliebte BILLA-Aktion zur Unterst\u00fctzung von Amateursportvereinen ist zur\u00fcck!\u00a0 LINK ZUM ZUORDNEN DER LOSE Dank eures gro\u00dfartigen Einsatzes &#8230;<\/p>\n","protected":false},"author":3,"featured_media":8911,"comment_status":"closed","ping_status":"open","sticky":false,"template":"","format":"standard","meta":{"footnotes":""},"categories":[1,36],"tags":[],"class_list":["post-8909","post","type-post","status-publish","format-standard","has-post-thumbnail","hentry","category-uncategorized","category-jugend"],"_links":{"self":[{"href":"https:\/\/etvenns.at\/web\/wp-json\/wp\/v2\/posts\/8909"}],"collection":[{"href":"https:\/\/etvenns.at\/web\/wp-json\/wp\/v2\/posts"}],"about":[{"href":"https:\/\/etvenns.at\/web\/wp-json\/wp\/v2\/types\/post"}],"author":[{"embeddable":true,"href":"https:\/\/etvenns.at\/web\/wp-json\/wp\/v2\/users\/3"}],"replies":[{"embeddable":true,"href":"https:\/\/etvenns.at\/web\/wp-json\/wp\/v2\/comments?post=8909"}],"version-history":[{"count":2,"href":"https:\/\/etvenns.at\/web\/wp-json\/wp\/v2\/posts\/8909\/revisions"}],"predecessor-version":[{"id":9510,"href":"https:\/\/etvenns.at\/web\/wp-json\/wp\/v2\/posts\/8909\/revisions\/9510"}],"wp:featuredmedia":[{"embeddable":true,"href":"https:\/\/etvenns.at\/web\/wp-json\/wp\/v2\/media\/8911"}],"wp:attachment":[{"href":"https:\/\/etvenns.at\/web\/wp-json\/wp\/v2\/media?parent=8909"}],"wp:term":[{"taxonomy":"category","embeddable":true,"href":"https:\/\/etvenns.at\/web\/wp-json\/wp\/v2\/categories?post=8909"},{"taxonomy":"post_tag","embeddable":true,"href":"https:\/\/etvenns.at\/web\/wp-json\/wp\/v2\/tags?post=8909"}],"curies":[{"name":"wp","href":"https:\/\/api.w.org\/{rel}","templated":true}]}}