{"id":7584,"date":"2024-02-09T12:39:53","date_gmt":"2024-02-09T11:39:53","guid":{"rendered":"https:\/\/etvenns.at\/web\/?p=7584"},"modified":"2024-02-09T12:39:53","modified_gmt":"2024-02-09T11:39:53","slug":"kinder-und-jugendtraining-fruehjahr-2024","status":"publish","type":"post","link":"https:\/\/etvenns.at\/web\/2024\/02\/09\/kinder-und-jugendtraining-fruehjahr-2024\/","title":{"rendered":"Kinder- und Jugendtraining Fr\u00fchjahr 2024"},"content":{"rendered":"<figure class=\"wp-block-image size-large is-resized is-style-default\"><img loading=\"lazy\" decoding=\"async\" width=\"1024\" height=\"683\" src=\"http:\/\/etvenns.at\/web\/wp-content\/uploads\/2023\/08\/DSC08932-1024x683.jpg\" alt=\"\" class=\"wp-image-7271\" style=\"width:840px;height:auto\" srcset=\"https:\/\/etvenns.at\/web\/wp-content\/uploads\/2023\/08\/DSC08932-1024x683.jpg 1024w, https:\/\/etvenns.at\/web\/wp-content\/uploads\/2023\/08\/DSC08932-300x200.jpg 300w, https:\/\/etvenns.at\/web\/wp-content\/uploads\/2023\/08\/DSC08932-768x512.jpg 768w, https:\/\/etvenns.at\/web\/wp-content\/uploads\/2023\/08\/DSC08932-1536x1024.jpg 1536w, https:\/\/etvenns.at\/web\/wp-content\/uploads\/2023\/08\/DSC08932-2048x1365.jpg 2048w\" sizes=\"(max-width: 1024px) 100vw, 1024px\" \/><\/figure><p><br>Der Startschuss f\u00fcr das Kinder- und Jugendtraining f\u00e4llt am\u00a0<strong>Samstag, dem 13. April 2024.<\/strong><\/p><p>Von 10 bis 11 Uhr ist das Trainerteam vor Ort und wird die Gruppeneinteilung f\u00fcr das Fr\u00fchjahrstraining (von Anfang Mai bis zum Ferienbeginn) vornehmen.<br><br>Voraussetzung f\u00fcr die Teilnahme am Training ist eine aufrechte Mitgliedschaft beim ETV Enns \u201c1874\u201d.<\/p><p><strong>Wir freuen uns auf euch!<\/strong><\/p><p>F\u00fcr Informationen rund um unser Kinder- und Jugendtraining:<br>Helga Kocmann (Organisation)<br>T +43 664 17 68 235<br>M helga.kocmann@etvenns.at<\/p><p>F\u00fcr Informationen rund um das Kinder- und Jugendprogramm sowie die Sommercamps:<br>Melanie Felbermayr (Jugendreferentin)<br>T +43 660 52 97 913<br>M melanie.felbermayr@etvenns.at <\/p>","protected":false},"excerpt":{"rendered":"<p>Der Startschuss f\u00fcr das Kinder- und Jugendtraining f\u00e4llt am\u00a0Samstag, dem 13. April 2024. Von 10 bis 11 Uhr ist das Trainerteam vor Ort und wird die Gruppeneinteilung f\u00fcr das Fr\u00fchjahrstraining &#8230;<\/p>\n","protected":false},"author":3,"featured_media":7271,"comment_status":"closed","ping_status":"open","sticky":false,"template":"","format":"standard","meta":{"footnotes":""},"categories":[36],"tags":[],"class_list":["post-7584","post","type-post","status-publish","format-standard","has-post-thumbnail","hentry","category-jugend"],"_links":{"self":[{"href":"https:\/\/etvenns.at\/web\/wp-json\/wp\/v2\/posts\/7584"}],"collection":[{"href":"https:\/\/etvenns.at\/web\/wp-json\/wp\/v2\/posts"}],"about":[{"href":"https:\/\/etvenns.at\/web\/wp-json\/wp\/v2\/types\/post"}],"author":[{"embeddable":true,"href":"https:\/\/etvenns.at\/web\/wp-json\/wp\/v2\/users\/3"}],"replies":[{"embeddable":true,"href":"https:\/\/etvenns.at\/web\/wp-json\/wp\/v2\/comments?post=7584"}],"version-history":[{"count":1,"href":"https:\/\/etvenns.at\/web\/wp-json\/wp\/v2\/posts\/7584\/revisions"}],"predecessor-version":[{"id":7585,"href":"https:\/\/etvenns.at\/web\/wp-json\/wp\/v2\/posts\/7584\/revisions\/7585"}],"wp:featuredmedia":[{"embeddable":true,"href":"https:\/\/etvenns.at\/web\/wp-json\/wp\/v2\/media\/7271"}],"wp:attachment":[{"href":"https:\/\/etvenns.at\/web\/wp-json\/wp\/v2\/media?parent=7584"}],"wp:term":[{"taxonomy":"category","embeddable":true,"href":"https:\/\/etvenns.at\/web\/wp-json\/wp\/v2\/categories?post=7584"},{"taxonomy":"post_tag","embeddable":true,"href":"https:\/\/etvenns.at\/web\/wp-json\/wp\/v2\/tags?post=7584"}],"curies":[{"name":"wp","href":"https:\/\/api.w.org\/{rel}","templated":true}]}}