{"id":4245,"date":"2020-09-20T12:05:42","date_gmt":"2020-09-20T10:05:42","guid":{"rendered":"http:\/\/etvenns.at\/web\/?p=4245"},"modified":"2020-09-20T12:05:42","modified_gmt":"2020-09-20T10:05:42","slug":"renate-christa-baum-wurde-eingeweiht","status":"publish","type":"post","link":"https:\/\/etvenns.at\/web\/2020\/09\/20\/renate-christa-baum-wurde-eingeweiht\/","title":{"rendered":"&#8222;Renate &#038; Christa&#8220;-Baum wurde eingeweiht"},"content":{"rendered":"<figure class=\"wp-block-image size-large\"><img loading=\"lazy\" decoding=\"async\" width=\"1024\" height=\"731\" src=\"http:\/\/etvenns.at\/web\/wp-content\/uploads\/2020\/09\/DSC05488-1024x731.jpg\" alt=\"\" class=\"wp-image-4242\" srcset=\"https:\/\/etvenns.at\/web\/wp-content\/uploads\/2020\/09\/DSC05488-1024x731.jpg 1024w, https:\/\/etvenns.at\/web\/wp-content\/uploads\/2020\/09\/DSC05488-scaled-600x429.jpg 600w, https:\/\/etvenns.at\/web\/wp-content\/uploads\/2020\/09\/DSC05488-300x214.jpg 300w, https:\/\/etvenns.at\/web\/wp-content\/uploads\/2020\/09\/DSC05488-768x549.jpg 768w, https:\/\/etvenns.at\/web\/wp-content\/uploads\/2020\/09\/DSC05488-1536x1097.jpg 1536w, https:\/\/etvenns.at\/web\/wp-content\/uploads\/2020\/09\/DSC05488-2048x1463.jpg 2048w\" sizes=\"(max-width: 1024px) 100vw, 1024px\" \/><\/figure><p>Als Ersatz f\u00fcr die gro\u00dfteils morschen Birken auf der Anlage des ETV Enns \u201e1874\u201c wurden vor 10 Jahren insgesamt 9 S\u00e4ulenheimbuchen gepflanzt. Um den finanziellen Aufwand m\u00f6glichst gering zu halten, wurden unter unseren Mitgliedern Baumpaten gesucht.<br>Heinz Oberparleiter hat zum Gedenken an Renate eine dieser Baumpatenschaften \u00fcbernommen. Allerdings fegte Anfang M\u00e4rz 2019 ein Sturmtief \u00fcber Ober\u00f6sterreich. Starke Windb\u00f6en mit Windspitzen von bis zu 100 km\/h entwurzelten landesweit zahlreiche B\u00e4ume, darunter leider auch den \u201eRenate\u201c-Baum.<br>Im Andenken an Christa Scharf, jahrelanger fixer Bestandteil der Damenmannschaften, die im Alter von 62 Jahren im August 2018 verstorben ist, haben ihre Mannschaftskolleginnen den Wunsch ge\u00e4u\u00dfert, sich bei einer Neupflanzung des Baumes beteiligen zu wollen.<br>Am vergangenen Samstag war es dann so weit, der neu gepflanzte Baum wurde feierlich eingeweiht. Im Gedenken an Renate und Christa &#8211; zwei unvergessliche Mitglieder unserer Tennisfamilie.<\/p>","protected":false},"excerpt":{"rendered":"<p>Als Ersatz f\u00fcr die gro\u00dfteils morschen Birken auf der Anlage des ETV Enns \u201e1874\u201c wurden vor 10 Jahren insgesamt 9 S\u00e4ulenheimbuchen gepflanzt. Um den finanziellen Aufwand m\u00f6glichst gering zu halten, &#8230;<\/p>\n","protected":false},"author":3,"featured_media":4243,"comment_status":"closed","ping_status":"open","sticky":false,"template":"","format":"standard","meta":{"footnotes":""},"categories":[1],"tags":[],"class_list":["post-4245","post","type-post","status-publish","format-standard","has-post-thumbnail","hentry","category-uncategorized"],"_links":{"self":[{"href":"https:\/\/etvenns.at\/web\/wp-json\/wp\/v2\/posts\/4245"}],"collection":[{"href":"https:\/\/etvenns.at\/web\/wp-json\/wp\/v2\/posts"}],"about":[{"href":"https:\/\/etvenns.at\/web\/wp-json\/wp\/v2\/types\/post"}],"author":[{"embeddable":true,"href":"https:\/\/etvenns.at\/web\/wp-json\/wp\/v2\/users\/3"}],"replies":[{"embeddable":true,"href":"https:\/\/etvenns.at\/web\/wp-json\/wp\/v2\/comments?post=4245"}],"version-history":[{"count":1,"href":"https:\/\/etvenns.at\/web\/wp-json\/wp\/v2\/posts\/4245\/revisions"}],"predecessor-version":[{"id":4246,"href":"https:\/\/etvenns.at\/web\/wp-json\/wp\/v2\/posts\/4245\/revisions\/4246"}],"wp:featuredmedia":[{"embeddable":true,"href":"https:\/\/etvenns.at\/web\/wp-json\/wp\/v2\/media\/4243"}],"wp:attachment":[{"href":"https:\/\/etvenns.at\/web\/wp-json\/wp\/v2\/media?parent=4245"}],"wp:term":[{"taxonomy":"category","embeddable":true,"href":"https:\/\/etvenns.at\/web\/wp-json\/wp\/v2\/categories?post=4245"},{"taxonomy":"post_tag","embeddable":true,"href":"https:\/\/etvenns.at\/web\/wp-json\/wp\/v2\/tags?post=4245"}],"curies":[{"name":"wp","href":"https:\/\/api.w.org\/{rel}","templated":true}]}}