{"id":3185,"date":"2019-03-25T00:00:00","date_gmt":"2019-03-24T23:00:00","guid":{"rendered":"http:\/\/etvenns.at.w014cfea.kasserver.com\/web\/2019\/03\/25\/kinder-und-jugendtraining-ab-anfang-mai-2\/"},"modified":"2019-11-25T12:49:34","modified_gmt":"2019-11-25T11:49:34","slug":"kinder-und-jugendtraining-ab-anfang-mai-2","status":"publish","type":"post","link":"https:\/\/etvenns.at\/web\/2019\/03\/25\/kinder-und-jugendtraining-ab-anfang-mai-2\/","title":{"rendered":"Kinder- und Jugendtraining ab Anfang Mai"},"content":{"rendered":"<p>Der Startschuss zum Kinder- und Jugendtraining f\u00e4llt am <b>Dienstag, dem 23. April 2019<\/b>!<br \/>\nWir treffen uns <b>ab 14.00 Uhr<\/b> direkt auf der Anlage (unabh\u00e4ngig von der Wetterlage) und teilen die Gruppen f\u00fcr das Fr\u00fchjahrstraining ein (w\u00f6chentliches Training von Anfang Mai bis zum Ferienbeginn).<\/p>\n<p>Die neue Saison wird offiziell gestartet &#8211; also bei Sch\u00f6nwetter unbedingt den Tennisschl\u00e4ger einpacken!<br \/>\nF\u00fcr die Kleineren steht ein Betreuerteam zur Verf\u00fcgung, damit die ersten Schl\u00e4ge im Freien ge\u00fcbt werden k\u00f6nnen.<\/p>\n<blockquote>\n<p>Wir freuen uns auf euch!<\/p>\n<\/blockquote>\n","protected":false},"excerpt":{"rendered":"<p>Der Startschuss zum Kinder- und Jugendtraining f\u00e4llt am Dienstag, dem 23. April 2019! Wir treffen uns ab 14.00 Uhr direkt auf der Anlage (unabh\u00e4ngig von der Wetterlage) und teilen die &#8230;<\/p>\n","protected":false},"author":3,"featured_media":0,"comment_status":"closed","ping_status":"open","sticky":false,"template":"","format":"standard","meta":{"footnotes":""},"categories":[36],"tags":[],"class_list":["post-3185","post","type-post","status-publish","format-standard","hentry","category-jugend"],"_links":{"self":[{"href":"https:\/\/etvenns.at\/web\/wp-json\/wp\/v2\/posts\/3185"}],"collection":[{"href":"https:\/\/etvenns.at\/web\/wp-json\/wp\/v2\/posts"}],"about":[{"href":"https:\/\/etvenns.at\/web\/wp-json\/wp\/v2\/types\/post"}],"author":[{"embeddable":true,"href":"https:\/\/etvenns.at\/web\/wp-json\/wp\/v2\/users\/3"}],"replies":[{"embeddable":true,"href":"https:\/\/etvenns.at\/web\/wp-json\/wp\/v2\/comments?post=3185"}],"version-history":[{"count":1,"href":"https:\/\/etvenns.at\/web\/wp-json\/wp\/v2\/posts\/3185\/revisions"}],"predecessor-version":[{"id":3196,"href":"https:\/\/etvenns.at\/web\/wp-json\/wp\/v2\/posts\/3185\/revisions\/3196"}],"wp:attachment":[{"href":"https:\/\/etvenns.at\/web\/wp-json\/wp\/v2\/media?parent=3185"}],"wp:term":[{"taxonomy":"category","embeddable":true,"href":"https:\/\/etvenns.at\/web\/wp-json\/wp\/v2\/categories?post=3185"},{"taxonomy":"post_tag","embeddable":true,"href":"https:\/\/etvenns.at\/web\/wp-json\/wp\/v2\/tags?post=3185"}],"curies":[{"name":"wp","href":"https:\/\/api.w.org\/{rel}","templated":true}]}}