{"id":3174,"date":"2018-08-31T00:00:00","date_gmt":"2018-08-30T22:00:00","guid":{"rendered":"http:\/\/etvenns.at.w014cfea.kasserver.com\/web\/2018\/08\/31\/sommercamp-woche-3-3\/"},"modified":"2019-11-25T12:59:23","modified_gmt":"2019-11-25T11:59:23","slug":"sommercamp-woche-3-3","status":"publish","type":"post","link":"https:\/\/etvenns.at\/web\/2018\/08\/31\/sommercamp-woche-3-3\/","title":{"rendered":"Sommercamp &#8211; Woche 3"},"content":{"rendered":"<p>Auch die dritte&nbsp;und letzte&nbsp;<b>Sommercamp-Woche<\/b>&nbsp;in diesem Jahr war wieder ein voller Erfolg.<\/p>\n<p>Es ist f\u00fcr uns immer ein ganz besonderes Erlebnis, wenn die Begeisterungsf\u00e4higkeit der Kids und die Freude an der Bewegung sp\u00fcrbar werden.<br \/>\nDa macht es gleich noch mehr Spa\u00df &#8211; f\u00fcr die Kids UND die Trainer.<\/p>\n","protected":false},"excerpt":{"rendered":"<p>Auch die dritte&nbsp;und letzte&nbsp;Sommercamp-Woche&nbsp;in diesem Jahr war wieder ein voller Erfolg. Es ist f\u00fcr uns immer ein ganz besonderes Erlebnis, wenn die Begeisterungsf\u00e4higkeit der Kids und die Freude an der &#8230;<\/p>\n","protected":false},"author":3,"featured_media":0,"comment_status":"closed","ping_status":"open","sticky":false,"template":"","format":"standard","meta":{"footnotes":""},"categories":[36],"tags":[],"class_list":["post-3174","post","type-post","status-publish","format-standard","hentry","category-jugend"],"_links":{"self":[{"href":"https:\/\/etvenns.at\/web\/wp-json\/wp\/v2\/posts\/3174"}],"collection":[{"href":"https:\/\/etvenns.at\/web\/wp-json\/wp\/v2\/posts"}],"about":[{"href":"https:\/\/etvenns.at\/web\/wp-json\/wp\/v2\/types\/post"}],"author":[{"embeddable":true,"href":"https:\/\/etvenns.at\/web\/wp-json\/wp\/v2\/users\/3"}],"replies":[{"embeddable":true,"href":"https:\/\/etvenns.at\/web\/wp-json\/wp\/v2\/comments?post=3174"}],"version-history":[{"count":1,"href":"https:\/\/etvenns.at\/web\/wp-json\/wp\/v2\/posts\/3174\/revisions"}],"predecessor-version":[{"id":3208,"href":"https:\/\/etvenns.at\/web\/wp-json\/wp\/v2\/posts\/3174\/revisions\/3208"}],"wp:attachment":[{"href":"https:\/\/etvenns.at\/web\/wp-json\/wp\/v2\/media?parent=3174"}],"wp:term":[{"taxonomy":"category","embeddable":true,"href":"https:\/\/etvenns.at\/web\/wp-json\/wp\/v2\/categories?post=3174"},{"taxonomy":"post_tag","embeddable":true,"href":"https:\/\/etvenns.at\/web\/wp-json\/wp\/v2\/tags?post=3174"}],"curies":[{"name":"wp","href":"https:\/\/api.w.org\/{rel}","templated":true}]}}