{"id":3172,"date":"2018-08-20T00:00:00","date_gmt":"2018-08-19T22:00:00","guid":{"rendered":"http:\/\/etvenns.at.w014cfea.kasserver.com\/web\/2018\/08\/20\/wir-trauern-um-christa-romana-scharf\/"},"modified":"2019-11-25T12:59:42","modified_gmt":"2019-11-25T11:59:42","slug":"wir-trauern-um-christa-romana-scharf","status":"publish","type":"post","link":"https:\/\/etvenns.at\/web\/2018\/08\/20\/wir-trauern-um-christa-romana-scharf\/","title":{"rendered":"Wir trauern um Christa Romana Scharf"},"content":{"rendered":"<p>Der ETV Enns \u201e1874\u201c tr\u00e4gt Trauer!<\/p>\n<p>Wir erf\u00fcllen die traurige Pflicht, vom Ableben von Frau Christa Romana Scharf Nachricht geben zu m\u00fcssen.<\/p>\n<p>Christa war jahrelanges Mitglied beim ETV Enns &#8222;1874&#8220; und dem Verein sehr verbunden.<\/p>\n<p>Unser tiefstes Mitgef\u00fchl gilt den Angeh\u00f6rigen, insbesondere ihrem Sohn Andreas.<\/p>\n<blockquote>\n<p>Christa, wir werden dich nie vergessen.<\/p>\n<\/blockquote>\n<p>Nachruf ###<br \/>\nViel zu fr\u00fch hat ein Mitglied unserer Tennissportfamilie, Christa Scharf,&nbsp;mit 62 Jahren nach kurzer Krankheit den irdischen Lebensweg vollendet.&nbsp;<br \/>\nFast drei Jahrzehnte, schon bevor sie 2002 auch offiziell Mitglied des ETV geworden ist, hat sie in den Damenmannschaften aller Altersstufen f\u00fcr den ETV Meisterschaft gespielt. Mit ihrer Sportlichkeit und als ausgesprochen starke Pers\u00f6nlichkeit, die so viel Herzensw\u00e4rme ausstrahlen konnte, hat sie stets von allen Mitmenschen Anerkennung und h\u00f6chstes Vertrauen geerntet. Mit ihrer stillen Art und wohl \u00fcberlegten Argumentation hat sie immer \u00fcberzeugen k\u00f6nnen und Verbindlichkeit und Verl\u00e4sslichkeit gelebt. Ihre vielseitigen Begabungen und Interessen&nbsp; \u00fcber den Beruf und den Sport hinaus, sei es in der Kunst, im sp\u00e4ten Studium oder auch in meditativen Bet\u00e4tigungen, haben bei dem Mitmenschen besondere Bewunderung hervorgerufen.<br \/>\nIhre starke Pers\u00f6nlichkeit und Verbundenheit mit den Menschen, mit denen sie ihre Sportlichkeit gelebt hat,&nbsp; stellte sie in ihren letzten Lebensmonaten insofern unter Beweis, indem sie diese Menschen \u00fcber ihren Krankheitsverlauf bzw. \u00fcber ihren Kampf gegen die Krankheit laufend informiert und tiefen Einblick in ihre Gef\u00fchlswelt gegeben hat, wie jemand im Angesicht einer so schweren Erkrankung die irdischen Dinge sieht.<br \/>\nDer ETV Enns &#8222;1874&#8220; und seine Mitglieder d\u00fcrfen sich gl\u00fccklich sch\u00e4tzen, den Menschen Christa Scharf in seinen Reihen gehabt, mit ihr als Sportkameradin gelebt, die Welt verbessert und auch gelacht zu haben und sind ihr zu gro\u00dfer Dankbarkeit verpflichtet. Umso gr\u00f6\u00dfer ist der Schmerz des Abschieds von ihr in unserem Gang durch diese Welt, den wir mit ihren Angeh\u00f6rigen teilen, insbesondere mit ihrem Sohn&nbsp; Andreas.<br \/>\nWir werden ihr stets ein ehrendes Andenken bewahren.<\/p>\n<p>&nbsp;<\/p>\n","protected":false},"excerpt":{"rendered":"<p>Der ETV Enns \u201e1874\u201c tr\u00e4gt Trauer! Wir erf\u00fcllen die traurige Pflicht, vom Ableben von Frau Christa Romana Scharf Nachricht geben zu m\u00fcssen. Christa war jahrelanges Mitglied beim ETV Enns &#8222;1874&#8220; &#8230;<\/p>\n","protected":false},"author":3,"featured_media":0,"comment_status":"closed","ping_status":"open","sticky":false,"template":"","format":"standard","meta":{"footnotes":""},"categories":[1],"tags":[],"class_list":["post-3172","post","type-post","status-publish","format-standard","hentry","category-uncategorized"],"_links":{"self":[{"href":"https:\/\/etvenns.at\/web\/wp-json\/wp\/v2\/posts\/3172"}],"collection":[{"href":"https:\/\/etvenns.at\/web\/wp-json\/wp\/v2\/posts"}],"about":[{"href":"https:\/\/etvenns.at\/web\/wp-json\/wp\/v2\/types\/post"}],"author":[{"embeddable":true,"href":"https:\/\/etvenns.at\/web\/wp-json\/wp\/v2\/users\/3"}],"replies":[{"embeddable":true,"href":"https:\/\/etvenns.at\/web\/wp-json\/wp\/v2\/comments?post=3172"}],"version-history":[{"count":1,"href":"https:\/\/etvenns.at\/web\/wp-json\/wp\/v2\/posts\/3172\/revisions"}],"predecessor-version":[{"id":3210,"href":"https:\/\/etvenns.at\/web\/wp-json\/wp\/v2\/posts\/3172\/revisions\/3210"}],"wp:attachment":[{"href":"https:\/\/etvenns.at\/web\/wp-json\/wp\/v2\/media?parent=3172"}],"wp:term":[{"taxonomy":"category","embeddable":true,"href":"https:\/\/etvenns.at\/web\/wp-json\/wp\/v2\/categories?post=3172"},{"taxonomy":"post_tag","embeddable":true,"href":"https:\/\/etvenns.at\/web\/wp-json\/wp\/v2\/tags?post=3172"}],"curies":[{"name":"wp","href":"https:\/\/api.w.org\/{rel}","templated":true}]}}