{"id":3153,"date":"2018-03-23T00:00:00","date_gmt":"2018-03-22T23:00:00","guid":{"rendered":"http:\/\/etvenns.at.w014cfea.kasserver.com\/web\/2018\/03\/23\/unsere-oberliga-damen-haben-sich-verstaerkung-geholt\/"},"modified":"2019-11-25T13:03:12","modified_gmt":"2019-11-25T12:03:12","slug":"unsere-oberliga-damen-haben-sich-verstaerkung-geholt","status":"publish","type":"post","link":"https:\/\/etvenns.at\/web\/2018\/03\/23\/unsere-oberliga-damen-haben-sich-verstaerkung-geholt\/","title":{"rendered":"Unsere Oberliga-Damen haben sich Verst\u00e4rkung geholt"},"content":{"rendered":"<p>Um das Ziel, trotz einiger verletzungs- und krankheitsbedingter Ausf\u00e4lle den Klassenerhalt in der Ober\u00f6sterreich Liga zu sichern, zu erreichen,&nbsp; hat&nbsp;Mannschaftsf\u00fchrerin Katrin Huber alle Hebel in Bewegung gesetzt und neue Spielerinnen akquiriert.<\/p>\n<p>Wir begr\u00fc\u00dfen folgende Spielerinnen, die ab 2018 f\u00fcr den ETV Enns \u201e1874\u201c im Einsatz sind:<\/p>\n<ul>\n<li>Anna Kraus (1998) &#8211; <em>siehe Foto (Quelle: ETV)<\/em><\/li>\n<li>Kathrin Atzgerstorfer (1989)<\/li>\n<li>Julia Zeiner (2001)<\/li>\n<li>Sophia Massimiani (2005)<\/li>\n<\/ul>\n<p><a href=\"http:\/\/etvenns.at\/Mannschaften-Damen-1,13269\">Mannschaftsaufstellung<\/a><\/p>\n<p>Gestartet wird am 05.05.2018 um 13.00 Uhr mit einem Heimspiel gegen den ASK\u00d6 Auhof.<\/p>\n<blockquote>\n<p><em>Wir w\u00fcnschen viel Erfolg!!!<\/em><\/p>\n<\/blockquote>\n","protected":false},"excerpt":{"rendered":"<p>Um das Ziel, trotz einiger verletzungs- und krankheitsbedingter Ausf\u00e4lle den Klassenerhalt in der Ober\u00f6sterreich Liga zu sichern, zu erreichen,&nbsp; hat&nbsp;Mannschaftsf\u00fchrerin Katrin Huber alle Hebel in Bewegung gesetzt und neue Spielerinnen &#8230;<\/p>\n","protected":false},"author":3,"featured_media":0,"comment_status":"closed","ping_status":"open","sticky":false,"template":"","format":"standard","meta":{"footnotes":""},"categories":[39],"tags":[],"class_list":["post-3153","post","type-post","status-publish","format-standard","hentry","category-meisterschaft"],"_links":{"self":[{"href":"https:\/\/etvenns.at\/web\/wp-json\/wp\/v2\/posts\/3153"}],"collection":[{"href":"https:\/\/etvenns.at\/web\/wp-json\/wp\/v2\/posts"}],"about":[{"href":"https:\/\/etvenns.at\/web\/wp-json\/wp\/v2\/types\/post"}],"author":[{"embeddable":true,"href":"https:\/\/etvenns.at\/web\/wp-json\/wp\/v2\/users\/3"}],"replies":[{"embeddable":true,"href":"https:\/\/etvenns.at\/web\/wp-json\/wp\/v2\/comments?post=3153"}],"version-history":[{"count":1,"href":"https:\/\/etvenns.at\/web\/wp-json\/wp\/v2\/posts\/3153\/revisions"}],"predecessor-version":[{"id":3229,"href":"https:\/\/etvenns.at\/web\/wp-json\/wp\/v2\/posts\/3153\/revisions\/3229"}],"wp:attachment":[{"href":"https:\/\/etvenns.at\/web\/wp-json\/wp\/v2\/media?parent=3153"}],"wp:term":[{"taxonomy":"category","embeddable":true,"href":"https:\/\/etvenns.at\/web\/wp-json\/wp\/v2\/categories?post=3153"},{"taxonomy":"post_tag","embeddable":true,"href":"https:\/\/etvenns.at\/web\/wp-json\/wp\/v2\/tags?post=3153"}],"curies":[{"name":"wp","href":"https:\/\/api.w.org\/{rel}","templated":true}]}}