{"id":3106,"date":"2017-02-28T00:00:00","date_gmt":"2017-02-27T23:00:00","guid":{"rendered":"http:\/\/etvenns.at.w014cfea.kasserver.com\/web\/2017\/02\/28\/der-etv-enns-1874-trauert-um-sein-ehrenmitglied-egon-zappe\/"},"modified":"2019-11-25T21:01:05","modified_gmt":"2019-11-25T20:01:05","slug":"der-etv-enns-1874-trauert-um-sein-ehrenmitglied-egon-zappe","status":"publish","type":"post","link":"https:\/\/etvenns.at\/web\/2017\/02\/28\/der-etv-enns-1874-trauert-um-sein-ehrenmitglied-egon-zappe\/","title":{"rendered":"Der ETV Enns \u00b41874\u00b4 trauert um sein Ehrenmitglied Egon Zappe"},"content":{"rendered":"<p>Wir erf\u00fcllen die traurige Pflicht, vom Ableben unseres Ehrenmitglieds <b>Egon Zappe<\/b> Nachricht geben zu m\u00fcssen.<br \/>\nEgon ist am Dienstag, dem 21. Februar 2017, im Alter von 90 Jahren verstorben.<\/p>\n<p>Jahrzehntelang war Egon dem ETV Enns \u201e1874\u201c tief verbunden und hat den Tennissport bis vor wenigen Jahren mit viel Freude ausge\u00fcbt.<\/p>\n<p>Im Jahre 1952 ist er Mitglied des Vereines geworden und hat bereits 1953 als Mitglied des Vorstandes am Wiederaufbau des Vereines nach dem 2. Weltkrieg mitgewirkt &#8211;&nbsp;in einer Zeit, die auch f\u00fcr ihn pers\u00f6nlich eine Zeit des Neubeginns gewesen ist. ### Bis 1961 hat Egon die Funktion des Kassiers ausge\u00fcbt,&nbsp;dann war er 12 Jahre Obmannstellvertreter und bis 1980 noch Beirat. In dieser Zeit erfolgte der Neubau des Clubhauses, dann noch dessen Zubau, die Errichtung der Pl\u00e4tze 5 und 6, aber auch technische Innovationen, wie die Einf\u00fchrung der Plastiklinien bei den Pl\u00e4tzen.<\/p>\n<p>F\u00fcr seine langj\u00e4hrigen Bem\u00fchungen um den Verein und in besonderer W\u00fcrdigung seiner Verdienste wurde er&nbsp;zum Ehrenmitglied gew\u00e4hlt.<\/p>\n<p>Aber nicht nur seine Verdienste um den Verein, sondern auch seine Charakterz\u00fcge und Wesensmerkmale haben einen besonderen Eindruck hinterlassen. Seine Eleganz, seine perfekten Umgangsformen und seine Feinsinnigkeit, allesamt getragen von tiefster Herzlichkeit, Menschlichkeit und Kameradschaft, haben jede Begegnung und jede Zeit mit ihm zu einem besonderen Moment bzw. sch\u00f6nen Zeit werden lassen.<\/p>\n<p>Wir d\u00fcrfen daher in der Trauer um sein Ableben noch einmal f\u00fcr alles danken, was er f\u00fcr den Verein als Funktion\u00e4r geleistet hat und f\u00fcr uns alle als Mensch gewesen ist.<\/p>\n<p>Dr. Berthold Pr\u00fcller im Namen des Vorstands<\/p>\n","protected":false},"excerpt":{"rendered":"<p>Wir erf\u00fcllen die traurige Pflicht, vom Ableben unseres Ehrenmitglieds Egon Zappe Nachricht geben zu m\u00fcssen. Egon ist am Dienstag, dem 21. Februar 2017, im Alter von 90 Jahren verstorben. Jahrzehntelang &#8230;<\/p>\n","protected":false},"author":3,"featured_media":0,"comment_status":"closed","ping_status":"open","sticky":false,"template":"","format":"standard","meta":{"footnotes":""},"categories":[1],"tags":[],"class_list":["post-3106","post","type-post","status-publish","format-standard","hentry","category-uncategorized"],"_links":{"self":[{"href":"https:\/\/etvenns.at\/web\/wp-json\/wp\/v2\/posts\/3106"}],"collection":[{"href":"https:\/\/etvenns.at\/web\/wp-json\/wp\/v2\/posts"}],"about":[{"href":"https:\/\/etvenns.at\/web\/wp-json\/wp\/v2\/types\/post"}],"author":[{"embeddable":true,"href":"https:\/\/etvenns.at\/web\/wp-json\/wp\/v2\/users\/3"}],"replies":[{"embeddable":true,"href":"https:\/\/etvenns.at\/web\/wp-json\/wp\/v2\/comments?post=3106"}],"version-history":[{"count":1,"href":"https:\/\/etvenns.at\/web\/wp-json\/wp\/v2\/posts\/3106\/revisions"}],"predecessor-version":[{"id":3303,"href":"https:\/\/etvenns.at\/web\/wp-json\/wp\/v2\/posts\/3106\/revisions\/3303"}],"wp:attachment":[{"href":"https:\/\/etvenns.at\/web\/wp-json\/wp\/v2\/media?parent=3106"}],"wp:term":[{"taxonomy":"category","embeddable":true,"href":"https:\/\/etvenns.at\/web\/wp-json\/wp\/v2\/categories?post=3106"},{"taxonomy":"post_tag","embeddable":true,"href":"https:\/\/etvenns.at\/web\/wp-json\/wp\/v2\/tags?post=3106"}],"curies":[{"name":"wp","href":"https:\/\/api.w.org\/{rel}","templated":true}]}}