{"id":3085,"date":"2016-08-21T00:00:00","date_gmt":"2016-08-20T22:00:00","guid":{"rendered":"http:\/\/etvenns.at.w014cfea.kasserver.com\/web\/2016\/08\/21\/ooe-tennis-landesmeister-stehen-fest\/"},"modified":"2019-11-25T21:05:36","modified_gmt":"2019-11-25T20:05:36","slug":"ooe-tennis-landesmeister-stehen-fest","status":"publish","type":"post","link":"https:\/\/etvenns.at\/web\/2016\/08\/21\/ooe-tennis-landesmeister-stehen-fest\/","title":{"rendered":"O\u00f6 Tennis-Landesmeister stehen fest"},"content":{"rendered":"<p>Der Zeitraum vom 15. bis 20. August 2016 stand auf der Anlage des ETV Enns \u201e1874\u201c ganz im Zeichen des ober\u00f6sterreichischen Tennissports. Bei optimalen Wetterbedingungen wurden die Landesmeister in den Allgemeinen Klassen ermittelt. Geboten wurden spannende Ballwechsel, packende Duelle und emotionsgeladene Begegnungen. Viele Zuschauer nutzten die Gunst der Stunde und erlebten Tennis auf h\u00f6chstem Niveau hautnah.###<\/p>\n<p>Ohne Satzverlust d\u00fcrfen sich Katrin Huber (ETV Enns \u201e1874\u201c) und Martina Hinterberger (UTC Fischer Ried) \u00fcber den Landesmeistertitel im Damen Doppel freuen.<br \/>\nIm Damen Einzelfinale musste sich die topgesetzte Anna Kraus (UTC T.T.I. Asten) gegen die Nummer 2 Kristina Mrazova (ULTV Linz) geschlagen geben.<br \/>\nEin Klasse f\u00fcr sich waren Christopher Hutterer (UTC VKB-Bank Vorchdorf) und G\u00fcnter Austerhuber (SPG Walter Gunskirchen) im Herren Doppel und zeigten Tennis vom Feinsten gegen ihre Finalgegner Dominic Hejhal (UTC Casa Moda Steyr) und Andreas S\u00f6llinger (Union Stein&amp;Co Mauthausen). Bei den Herren unterstrich der Astner Manuel Pr\u00f6ll (UTC Amstetten) seine derzeitige Topform und triumphierte knapp aber doch in zwei S\u00e4tzen gegen Dominic Hejhal (UTC Casa Moda Steyr) mit 6:4 7:6.<\/p>\n<p>Die Ergebnisse im Detail:<\/p>\n<p>Damen Einzel<\/p>\n<ol>\n<li>Kristina Mrazova (2) \u2013 ULTV Linz<\/li>\n<li>Anna Kraus (1) \u2013 UTC T.T.I. Asten<\/li>\n<li>Nina Walter \u2013 ASK\u00d6 Enns sowie&nbsp;Sophie Mayr-Stockinger \u2013 SPG Haid\/Ansfelden<\/li>\n<\/ol>\n<p>Herren Einzel<\/p>\n<ol>\n<li>Manuel Pr\u00f6ll (7) \u2013 UTC Amstetten<\/li>\n<li>Dominic Hejhal (3) \u2013 UTC Casa Moda Steyr<\/li>\n<li>Christopher Hutterer (2) \u2013 UTC VKB-Bank Vorchdorf sowie&nbsp;Johannes M\u00fchlberger (1) \u2013 \u00d6TB TV Urfahr<\/li>\n<\/ol>\n<p>Damen Doppel<\/p>\n<ol>\n<li>Katrin Huber (ETV Enns 1874\u201c) und Martina Hinterberger (UTC Fischer Ried)<\/li>\n<li>Sabine Bartl (SPG ATZ Linz\/Linz AG Sport) und Viola Lugmayr (ASK\u00d6 Auhof)<\/li>\n<li>Nina Walter (ASK\u00d6 Enns) und Sylvia Loibl (ASV Bewegung Steyr)<\/li>\n<\/ol>\n<p>Herren Doppel<\/p>\n<ol>\n<li>Christopher Hutterer (UTC VKB-Bank Vorchdorf) und G\u00fcnter Austerhuber (SPG Walter Gunskirchen)<\/li>\n<li>Dominic Hejhal (UTC Casa Moda Steyr) und Andras S\u00f6llinger (Union Stein&amp;Co Mauthausen)<\/li>\n<li>Erich Eckmayr (UTC Fischer Ried) und Stephan Tumphart (Tennisclub St. Valentin) sowie&nbsp;Lucas Pr\u00f6ll (TSC Thalheim) und Manuel Pr\u00f6ll (UTC Amstetten)<\/li>\n<\/ol>\n<blockquote>\n<p>Wir gratulieren den Landesmeisterinnen und Landesmeistern!!!<\/p>\n<\/blockquote>\n","protected":false},"excerpt":{"rendered":"<p>Der Zeitraum vom 15. bis 20. August 2016 stand auf der Anlage des ETV Enns \u201e1874\u201c ganz im Zeichen des ober\u00f6sterreichischen Tennissports. Bei optimalen Wetterbedingungen wurden die Landesmeister in den &#8230;<\/p>\n","protected":false},"author":3,"featured_media":0,"comment_status":"closed","ping_status":"open","sticky":false,"template":"","format":"standard","meta":{"footnotes":""},"categories":[3],"tags":[],"class_list":["post-3085","post","type-post","status-publish","format-standard","hentry","category-turnier"],"_links":{"self":[{"href":"https:\/\/etvenns.at\/web\/wp-json\/wp\/v2\/posts\/3085"}],"collection":[{"href":"https:\/\/etvenns.at\/web\/wp-json\/wp\/v2\/posts"}],"about":[{"href":"https:\/\/etvenns.at\/web\/wp-json\/wp\/v2\/types\/post"}],"author":[{"embeddable":true,"href":"https:\/\/etvenns.at\/web\/wp-json\/wp\/v2\/users\/3"}],"replies":[{"embeddable":true,"href":"https:\/\/etvenns.at\/web\/wp-json\/wp\/v2\/comments?post=3085"}],"version-history":[{"count":1,"href":"https:\/\/etvenns.at\/web\/wp-json\/wp\/v2\/posts\/3085\/revisions"}],"predecessor-version":[{"id":3323,"href":"https:\/\/etvenns.at\/web\/wp-json\/wp\/v2\/posts\/3085\/revisions\/3323"}],"wp:attachment":[{"href":"https:\/\/etvenns.at\/web\/wp-json\/wp\/v2\/media?parent=3085"}],"wp:term":[{"taxonomy":"category","embeddable":true,"href":"https:\/\/etvenns.at\/web\/wp-json\/wp\/v2\/categories?post=3085"},{"taxonomy":"post_tag","embeddable":true,"href":"https:\/\/etvenns.at\/web\/wp-json\/wp\/v2\/tags?post=3085"}],"curies":[{"name":"wp","href":"https:\/\/api.w.org\/{rel}","templated":true}]}}