{"id":3063,"date":"2016-04-23T00:00:00","date_gmt":"2016-04-22T22:00:00","guid":{"rendered":"http:\/\/etvenns.at.w014cfea.kasserver.com\/web\/2016\/04\/23\/offizieller-start-in-die-neue-saison\/"},"modified":"2019-11-25T21:10:36","modified_gmt":"2019-11-25T20:10:36","slug":"offizieller-start-in-die-neue-saison","status":"publish","type":"post","link":"https:\/\/etvenns.at\/web\/2016\/04\/23\/offizieller-start-in-die-neue-saison\/","title":{"rendered":"Offizieller Start in die neue Saison"},"content":{"rendered":"<p>Der offizielle Saisonstart erfolgte durch die Jahreshauptversammlung, die am Freitag, dem 22.04.2016, bei uns im Klubhaus stattgefunden hat.<br \/>\nPr\u00e4sident Mag. Franz Paul konnte neben den zahlreich anwesenden Mitgliedern auch unsere Ehrenmitglieder Edith Baumberger, Otto Oberparleiter und Heinz Oberparleiter begr\u00fc\u00dfen.<\/p>\n<p>Unter dem Vorsitz des Obmanns, Dr. Berthold Pr\u00fcller, berichtete der Vorstand \u00fcber die Aktivit\u00e4ten im vergangenen Vereinsjahr und gab eine Vorschau auf die kommende Saison. ###<\/p>\n<p>Die eingereichten Antr\u00e4ge wurden einstimmig angenommen:<\/p>\n<ul>\n<li>Entlastung des Vorstands<\/li>\n<li>Wahl des neuen Vereinsvorstands<\/li>\n<li>Budget f\u00fcr das Vereinsjahr 2016\/2017<\/li>\n<\/ul>\n<p>Im Anschluss standen Ehrungen f\u00fcr langj\u00e4hrige Vereinstreue auf dem Programm:<br \/>\n55 Jahre: Ernst Huber<br \/>\n45 Jahre: Dr. Karl Trindorfer und Mag. Thomas Schimpfhuber<br \/>\n40 Jahre: Anneliese Kocmann, Alfred Hiebl, Michael Ledel und Thomas Schimpfhuber<\/p>\n<p>F\u00fcr 65 Jahre Vereinstreue und jahrzehntelange ehrenamtliche T\u00e4tigkeit im Vereinsvorstand wird&nbsp;Kommerzialrat Friedrich Lenz zum Ehrenmitglied ernannt.<\/p>\n<p>In den Gru\u00dfworten der Stadtgemeinde Enns bedankte sich Vizeb\u00fcrgermeister DI Markus Scherzinger f\u00fcr die vielf\u00e4ltigen Vereinsaktivit\u00e4ten, insbesondere f\u00fcr die umfangreiche Jugendarbeit und ausgezeichnete Pflege der Anlage, die eine wahre Augenweide darstellt.<\/p>\n<p>Alles in allem ein gelungener Saisonauftakt mit einem gem\u00fctlichen Ausklang in geselliger Runde.<\/p>\n<p>&nbsp;<\/p>\n<p>&nbsp;<\/p>\n","protected":false},"excerpt":{"rendered":"<p>Der offizielle Saisonstart erfolgte durch die Jahreshauptversammlung, die am Freitag, dem 22.04.2016, bei uns im Klubhaus stattgefunden hat. Pr\u00e4sident Mag. Franz Paul konnte neben den zahlreich anwesenden Mitgliedern auch unsere &#8230;<\/p>\n","protected":false},"author":3,"featured_media":0,"comment_status":"closed","ping_status":"open","sticky":false,"template":"","format":"standard","meta":{"footnotes":""},"categories":[35],"tags":[],"class_list":["post-3063","post","type-post","status-publish","format-standard","hentry","category-veranstaltung"],"_links":{"self":[{"href":"https:\/\/etvenns.at\/web\/wp-json\/wp\/v2\/posts\/3063"}],"collection":[{"href":"https:\/\/etvenns.at\/web\/wp-json\/wp\/v2\/posts"}],"about":[{"href":"https:\/\/etvenns.at\/web\/wp-json\/wp\/v2\/types\/post"}],"author":[{"embeddable":true,"href":"https:\/\/etvenns.at\/web\/wp-json\/wp\/v2\/users\/3"}],"replies":[{"embeddable":true,"href":"https:\/\/etvenns.at\/web\/wp-json\/wp\/v2\/comments?post=3063"}],"version-history":[{"count":1,"href":"https:\/\/etvenns.at\/web\/wp-json\/wp\/v2\/posts\/3063\/revisions"}],"predecessor-version":[{"id":3346,"href":"https:\/\/etvenns.at\/web\/wp-json\/wp\/v2\/posts\/3063\/revisions\/3346"}],"wp:attachment":[{"href":"https:\/\/etvenns.at\/web\/wp-json\/wp\/v2\/media?parent=3063"}],"wp:term":[{"taxonomy":"category","embeddable":true,"href":"https:\/\/etvenns.at\/web\/wp-json\/wp\/v2\/categories?post=3063"},{"taxonomy":"post_tag","embeddable":true,"href":"https:\/\/etvenns.at\/web\/wp-json\/wp\/v2\/tags?post=3063"}],"curies":[{"name":"wp","href":"https:\/\/api.w.org\/{rel}","templated":true}]}}