{"id":3057,"date":"2016-03-01T00:00:00","date_gmt":"2016-02-29T23:00:00","guid":{"rendered":"http:\/\/etvenns.at.w014cfea.kasserver.com\/web\/2016\/03\/01\/emma-und-leon-waren-beim-regionskader-sichtungstraining\/"},"modified":"2019-11-25T21:11:24","modified_gmt":"2019-11-25T20:11:24","slug":"emma-und-leon-waren-beim-regionskader-sichtungstraining","status":"publish","type":"post","link":"https:\/\/etvenns.at\/web\/2016\/03\/01\/emma-und-leon-waren-beim-regionskader-sichtungstraining\/","title":{"rendered":"Emma und Leon waren beim Regionskader-Sichtungstraining"},"content":{"rendered":"<p>Am 28.02.2016 fand in Perg wieder ein Sichtungstraining f\u00fcr den Regionskader M\u00fchlviertel&nbsp;Ost (Bezirk Perg und Umgebung) unter der Leitung&nbsp;von Roland Nefischer&nbsp;statt. Vom ETV Enns &#8222;1874&#8220; waren Emma Eder und Leon Kaiserseder mit dabei.<\/p>\n<p>Das Regionstraining soll eine zus\u00e4tzliche vereins\u00fcbergreifende Trainingseinheit der besten Jugendlichen aus der Region 1 x im Monat sein. Der O\u00d6TV m\u00f6chte dadurch eine gut ausgebildete breite Basis in den Regionen schaffen. Es soll ein Anreiz f\u00fcr die Kinder sein, den Sprung in das O\u00f6 Kadertraining zu schaffen.<\/p>\n","protected":false},"excerpt":{"rendered":"<p>Am 28.02.2016 fand in Perg wieder ein Sichtungstraining f\u00fcr den Regionskader M\u00fchlviertel&nbsp;Ost (Bezirk Perg und Umgebung) unter der Leitung&nbsp;von Roland Nefischer&nbsp;statt. Vom ETV Enns &#8222;1874&#8220; waren Emma Eder und Leon &#8230;<\/p>\n","protected":false},"author":3,"featured_media":0,"comment_status":"closed","ping_status":"open","sticky":false,"template":"","format":"standard","meta":{"footnotes":""},"categories":[36],"tags":[],"class_list":["post-3057","post","type-post","status-publish","format-standard","hentry","category-jugend"],"_links":{"self":[{"href":"https:\/\/etvenns.at\/web\/wp-json\/wp\/v2\/posts\/3057"}],"collection":[{"href":"https:\/\/etvenns.at\/web\/wp-json\/wp\/v2\/posts"}],"about":[{"href":"https:\/\/etvenns.at\/web\/wp-json\/wp\/v2\/types\/post"}],"author":[{"embeddable":true,"href":"https:\/\/etvenns.at\/web\/wp-json\/wp\/v2\/users\/3"}],"replies":[{"embeddable":true,"href":"https:\/\/etvenns.at\/web\/wp-json\/wp\/v2\/comments?post=3057"}],"version-history":[{"count":1,"href":"https:\/\/etvenns.at\/web\/wp-json\/wp\/v2\/posts\/3057\/revisions"}],"predecessor-version":[{"id":3352,"href":"https:\/\/etvenns.at\/web\/wp-json\/wp\/v2\/posts\/3057\/revisions\/3352"}],"wp:attachment":[{"href":"https:\/\/etvenns.at\/web\/wp-json\/wp\/v2\/media?parent=3057"}],"wp:term":[{"taxonomy":"category","embeddable":true,"href":"https:\/\/etvenns.at\/web\/wp-json\/wp\/v2\/categories?post=3057"},{"taxonomy":"post_tag","embeddable":true,"href":"https:\/\/etvenns.at\/web\/wp-json\/wp\/v2\/tags?post=3057"}],"curies":[{"name":"wp","href":"https:\/\/api.w.org\/{rel}","templated":true}]}}