{"id":3024,"date":"2015-07-14T00:00:00","date_gmt":"2015-07-13T22:00:00","guid":{"rendered":"http:\/\/etvenns.at.w014cfea.kasserver.com\/web\/2015\/07\/14\/das-war-die-sommernacht-2015\/"},"modified":"2019-11-25T21:15:48","modified_gmt":"2019-11-25T20:15:48","slug":"das-war-die-sommernacht-2015","status":"publish","type":"post","link":"https:\/\/etvenns.at\/web\/2015\/07\/14\/das-war-die-sommernacht-2015\/","title":{"rendered":"Das war die Sommernacht 2015"},"content":{"rendered":"<p>Zahlreiche Mitglieder und Freunde des Vereins folgten unserer Einladung zur Sommernacht &amp; Meisterschaftsfeier am Samstag, dem 11.07.2015. Auch unsere Ehrenmitglieder Edith Baumberger, Heinz Oberparleiter und Otto Oberparleiter sowie unseren Pr\u00e4sidenten, Mag. Franz Paul, durften wir zu unseren G\u00e4sten z\u00e4hlen.###<br \/>\nEin herzliches Vergelt\u00b4s Gott an B\u00fcrgermeister Franz Stefan Karlinger, der uns f\u00fcr die Durchf\u00fchrung der Sommernacht einen finanziellen Zuschuss zur Verf\u00fcgung gestellt hat. Vielen Dank auch an Eva Pr\u00fcller, Liselotte Steinwendner, Manuela Wurm und Birgit Freudenthaler, die uns den Abend &nbsp;mit feinen Mehlspeisen vers\u00fc\u00dft haben. Und nat\u00fcrlich auch ein gro\u00dfes Dankesch\u00f6n an Helga Kocmann, die in bew\u00e4hrter Weise f\u00fcr das stimmungsvolle Ambiente und den festlichen Rahmen gesorgt hat.<\/p>\n<p>Leider k\u00f6nnen wir dieses Jahr nicht mit den gewohnt sch\u00f6nen Erinnerungsfotos dienen, da unsere Fotografin kurzfristig abgesagt hat. Im Zeitalter der Handyfotografie findet sich aber Gott sei Dank der eine oder andere Schnappschuss.<\/p>\n<blockquote>\n<p>Vielen Dank an alle, die diese Sommernacht wieder zu einem unvergesslichen Abend gemacht haben!!!<\/p>\n<\/blockquote>\n","protected":false},"excerpt":{"rendered":"<p>Zahlreiche Mitglieder und Freunde des Vereins folgten unserer Einladung zur Sommernacht &amp; Meisterschaftsfeier am Samstag, dem 11.07.2015. Auch unsere Ehrenmitglieder Edith Baumberger, Heinz Oberparleiter und Otto Oberparleiter sowie unseren Pr\u00e4sidenten, &#8230;<\/p>\n","protected":false},"author":3,"featured_media":0,"comment_status":"closed","ping_status":"open","sticky":false,"template":"","format":"standard","meta":{"footnotes":""},"categories":[39,35],"tags":[],"class_list":["post-3024","post","type-post","status-publish","format-standard","hentry","category-meisterschaft","category-veranstaltung"],"_links":{"self":[{"href":"https:\/\/etvenns.at\/web\/wp-json\/wp\/v2\/posts\/3024"}],"collection":[{"href":"https:\/\/etvenns.at\/web\/wp-json\/wp\/v2\/posts"}],"about":[{"href":"https:\/\/etvenns.at\/web\/wp-json\/wp\/v2\/types\/post"}],"author":[{"embeddable":true,"href":"https:\/\/etvenns.at\/web\/wp-json\/wp\/v2\/users\/3"}],"replies":[{"embeddable":true,"href":"https:\/\/etvenns.at\/web\/wp-json\/wp\/v2\/comments?post=3024"}],"version-history":[{"count":1,"href":"https:\/\/etvenns.at\/web\/wp-json\/wp\/v2\/posts\/3024\/revisions"}],"predecessor-version":[{"id":3380,"href":"https:\/\/etvenns.at\/web\/wp-json\/wp\/v2\/posts\/3024\/revisions\/3380"}],"wp:attachment":[{"href":"https:\/\/etvenns.at\/web\/wp-json\/wp\/v2\/media?parent=3024"}],"wp:term":[{"taxonomy":"category","embeddable":true,"href":"https:\/\/etvenns.at\/web\/wp-json\/wp\/v2\/categories?post=3024"},{"taxonomy":"post_tag","embeddable":true,"href":"https:\/\/etvenns.at\/web\/wp-json\/wp\/v2\/tags?post=3024"}],"curies":[{"name":"wp","href":"https:\/\/api.w.org\/{rel}","templated":true}]}}