{"id":3002,"date":"2014-10-25T00:00:00","date_gmt":"2014-10-24T22:00:00","guid":{"rendered":"http:\/\/etvenns.at.w014cfea.kasserver.com\/web\/2014\/10\/25\/der-etv-enns-1874-trauert-um-irmgard-mucki-suess\/"},"modified":"2019-11-25T21:19:36","modified_gmt":"2019-11-25T20:19:36","slug":"der-etv-enns-1874-trauert-um-irmgard-mucki-suess","status":"publish","type":"post","link":"https:\/\/etvenns.at\/web\/2014\/10\/25\/der-etv-enns-1874-trauert-um-irmgard-mucki-suess\/","title":{"rendered":"Der ETV Enns \u00b41874\u00b4 trauert um Irmgard \u00b4Mucki\u00b4 S\u00fcss"},"content":{"rendered":"<p>Wir erf\u00fcllen die traurige Pflicht, vom Ableben von&nbsp;Frau Irmgard S\u00fcss Nachricht zu geben.<\/p>\n<p>&#8222;Mucki&#8220; war jahrelanges Mitglied beim ETV Enns &#8222;1874&#8220; und dem Verein sehr verbunden.<\/p>\n<p>Unser Mitgef\u00fchl gilt den Angeh\u00f6rigen.<\/p>\n<p>Wir werden ihr stets ein ehrendes Andenken bewahren.<\/p>\n<p>&nbsp;<\/p>\n","protected":false},"excerpt":{"rendered":"<p>Wir erf\u00fcllen die traurige Pflicht, vom Ableben von&nbsp;Frau Irmgard S\u00fcss Nachricht zu geben. &#8222;Mucki&#8220; war jahrelanges Mitglied beim ETV Enns &#8222;1874&#8220; und dem Verein sehr verbunden. Unser Mitgef\u00fchl gilt den &#8230;<\/p>\n","protected":false},"author":3,"featured_media":0,"comment_status":"closed","ping_status":"open","sticky":false,"template":"","format":"standard","meta":{"footnotes":""},"categories":[1],"tags":[],"class_list":["post-3002","post","type-post","status-publish","format-standard","hentry","category-uncategorized"],"_links":{"self":[{"href":"https:\/\/etvenns.at\/web\/wp-json\/wp\/v2\/posts\/3002"}],"collection":[{"href":"https:\/\/etvenns.at\/web\/wp-json\/wp\/v2\/posts"}],"about":[{"href":"https:\/\/etvenns.at\/web\/wp-json\/wp\/v2\/types\/post"}],"author":[{"embeddable":true,"href":"https:\/\/etvenns.at\/web\/wp-json\/wp\/v2\/users\/3"}],"replies":[{"embeddable":true,"href":"https:\/\/etvenns.at\/web\/wp-json\/wp\/v2\/comments?post=3002"}],"version-history":[{"count":1,"href":"https:\/\/etvenns.at\/web\/wp-json\/wp\/v2\/posts\/3002\/revisions"}],"predecessor-version":[{"id":3401,"href":"https:\/\/etvenns.at\/web\/wp-json\/wp\/v2\/posts\/3002\/revisions\/3401"}],"wp:attachment":[{"href":"https:\/\/etvenns.at\/web\/wp-json\/wp\/v2\/media?parent=3002"}],"wp:term":[{"taxonomy":"category","embeddable":true,"href":"https:\/\/etvenns.at\/web\/wp-json\/wp\/v2\/categories?post=3002"},{"taxonomy":"post_tag","embeddable":true,"href":"https:\/\/etvenns.at\/web\/wp-json\/wp\/v2\/tags?post=3002"}],"curies":[{"name":"wp","href":"https:\/\/api.w.org\/{rel}","templated":true}]}}