{"id":2663,"date":"2018-08-19T16:24:00","date_gmt":"2018-08-19T14:24:00","guid":{"rendered":"http:\/\/etvenns.at.w014cfea.kasserver.com\/web\/?p=2663"},"modified":"2019-11-22T16:26:56","modified_gmt":"2019-11-22T15:26:56","slug":"die-ooe-landesmeister-2018-stehen-fest","status":"publish","type":"post","link":"https:\/\/etvenns.at\/web\/2018\/08\/19\/die-ooe-landesmeister-2018-stehen-fest\/","title":{"rendered":"Die O\u00f6 Landesmeister 2018 stehen fest!"},"content":{"rendered":"<div class=\"alignnormal\"><div id=\"metaslider-id-2592\" style=\"max-width: 700px; margin: 0 auto;\" class=\"ml-slider-3-98-0 metaslider metaslider-nivo metaslider-2592 ml-slider ms-theme-default\" role=\"region\" aria-roledescription=\"Slideshow\" aria-label=\"2018_O\u00f6 LMS\" data-width=\"700\">\n    <div id=\"metaslider_container_2592\">\n        <div class='slider-wrapper theme-default'><div class='ribbon'><\/div><div id='metaslider_2592' class='nivoSlider'><img loading=\"lazy\" decoding=\"async\" src=\"https:\/\/etvenns.at\/web\/wp-content\/uploads\/2019\/11\/Herren-60_1-bis-3-scaled-700x500.jpg\" height=\"500\" width=\"700\" title=\"Herren 60_1 bis 3\" alt=\"\" class=\"slider-2592 slide-2654\" \/><img loading=\"lazy\" decoding=\"async\" src=\"https:\/\/etvenns.at\/web\/wp-content\/uploads\/2019\/11\/DSC09788-scaled-700x500.jpg\" height=\"500\" width=\"700\" title=\"DSC09788\" alt=\"\" class=\"slider-2592 slide-2641\" \/><img loading=\"lazy\" decoding=\"async\" src=\"https:\/\/etvenns.at\/web\/wp-content\/uploads\/2019\/11\/DSC09847-scaled-700x500.jpg\" height=\"500\" width=\"700\" title=\"DSC09847\" alt=\"\" class=\"slider-2592 slide-2644\" \/><img loading=\"lazy\" decoding=\"async\" src=\"https:\/\/etvenns.at\/web\/wp-content\/uploads\/2019\/11\/DSC_1804-scaled-700x500.jpg\" height=\"500\" width=\"700\" title=\"DSC_1804\" alt=\"\" class=\"slider-2592 slide-2634\" \/><img loading=\"lazy\" decoding=\"async\" src=\"https:\/\/etvenns.at\/web\/wp-content\/uploads\/2019\/11\/DSC_3348-scaled-700x500.jpg\" height=\"500\" width=\"700\" title=\"DSC_3348\" alt=\"\" class=\"slider-2592 slide-2640\" \/><img loading=\"lazy\" decoding=\"async\" src=\"https:\/\/etvenns.at\/web\/wp-content\/uploads\/2019\/11\/DSC_1553-scaled-700x500.jpg\" height=\"500\" width=\"700\" title=\"DSC_1553\" alt=\"\" class=\"slider-2592 slide-2632\" \/><img loading=\"lazy\" decoding=\"async\" src=\"https:\/\/etvenns.at\/web\/wp-content\/uploads\/2019\/11\/Herren-55-Doppel_Platz-3-scaled-700x500.jpg\" height=\"500\" width=\"700\" title=\"Herren 55 Doppel_Platz 3\" alt=\"\" class=\"slider-2592 slide-2652\" \/><img loading=\"lazy\" decoding=\"async\" src=\"https:\/\/etvenns.at\/web\/wp-content\/uploads\/2019\/11\/DSC09801-scaled-700x500.jpg\" height=\"500\" width=\"700\" title=\"DSC09801\" alt=\"\" class=\"slider-2592 slide-2643\" \/><img loading=\"lazy\" decoding=\"async\" src=\"https:\/\/etvenns.at\/web\/wp-content\/uploads\/2019\/11\/Herren-Einzel_Platz-1-und-2-scaled-700x500.jpg\" height=\"500\" width=\"700\" title=\"Herren Einzel_Platz 1 und 2\" alt=\"\" class=\"slider-2592 slide-2661\" \/><img loading=\"lazy\" decoding=\"async\" src=\"https:\/\/etvenns.at\/web\/wp-content\/uploads\/2019\/11\/DSC_1552-scaled-700x500.jpg\" height=\"500\" width=\"700\" title=\"DSC_1552\" alt=\"\" class=\"slider-2592 slide-2631\" \/><img loading=\"lazy\" decoding=\"async\" src=\"https:\/\/etvenns.at\/web\/wp-content\/uploads\/2019\/11\/Damen-Doppel_1-bis-3-scaled-700x500.jpg\" height=\"500\" width=\"700\" title=\"Damen Doppel_1 bis 3\" alt=\"\" class=\"slider-2592 slide-2629\" \/><img loading=\"lazy\" decoding=\"async\" src=\"https:\/\/etvenns.at\/web\/wp-content\/uploads\/2019\/11\/Herren-50-Einzel_Platz-1-und-2-scaled-700x500.jpg\" height=\"500\" width=\"700\" title=\"Herren 50 Einzel_Platz 1 und 2\" alt=\"\" class=\"slider-2592 slide-2649\" \/><img loading=\"lazy\" decoding=\"async\" src=\"https:\/\/etvenns.at\/web\/wp-content\/uploads\/2019\/11\/DSC_1801-scaled-700x500.jpg\" height=\"500\" width=\"700\" title=\"DSC_1801\" alt=\"\" class=\"slider-2592 slide-2633\" \/><img loading=\"lazy\" decoding=\"async\" src=\"https:\/\/etvenns.at\/web\/wp-content\/uploads\/2019\/11\/Herren-Doppel_1-bis-3-scaled-700x500.jpg\" height=\"500\" width=\"700\" title=\"Herren Doppel_1 bis 3\" alt=\"\" class=\"slider-2592 slide-2659\" \/><img loading=\"lazy\" decoding=\"async\" src=\"https:\/\/etvenns.at\/web\/wp-content\/uploads\/2019\/11\/Damen-45_1-und-3-scaled-700x500.jpg\" height=\"500\" width=\"700\" title=\"Damen 45_1 und 3\" alt=\"\" class=\"slider-2592 slide-2628\" \/><img loading=\"lazy\" decoding=\"async\" src=\"https:\/\/etvenns.at\/web\/wp-content\/uploads\/2019\/11\/DSC_2778-700x500.jpg\" height=\"500\" width=\"700\" title=\"DSC_2778\" alt=\"\" class=\"slider-2592 slide-2638\" \/><img loading=\"lazy\" decoding=\"async\" src=\"https:\/\/etvenns.at\/web\/wp-content\/uploads\/2019\/11\/DSC_2551-scaled-700x500.jpg\" height=\"500\" width=\"700\" title=\"DSC_2551\" alt=\"\" class=\"slider-2592 slide-2635\" \/><img loading=\"lazy\" decoding=\"async\" src=\"https:\/\/etvenns.at\/web\/wp-content\/uploads\/2019\/11\/Herren-50-Einzel_Platz-3-scaled-700x500.jpg\" height=\"500\" width=\"700\" title=\"Herren 50 Einzel_Platz 3\" alt=\"\" class=\"slider-2592 slide-2650\" \/><img loading=\"lazy\" decoding=\"async\" src=\"https:\/\/etvenns.at\/web\/wp-content\/uploads\/2019\/11\/Herren-50-Einzel-B_Platz-1-bis-3-scaled-700x500.jpg\" height=\"500\" width=\"700\" title=\"Herren 50 Einzel B_Platz 1 bis 3\" alt=\"\" class=\"slider-2592 slide-2648\" \/><img loading=\"lazy\" decoding=\"async\" src=\"https:\/\/etvenns.at\/web\/wp-content\/uploads\/2019\/11\/Landesmeister-2018-scaled-700x500.jpg\" height=\"500\" width=\"700\" title=\"Landesmeister 2018\" alt=\"\" class=\"slider-2592 slide-2662\" \/><img loading=\"lazy\" decoding=\"async\" src=\"https:\/\/etvenns.at\/web\/wp-content\/uploads\/2019\/11\/Herren-40_Platz-1-scaled-700x500.jpg\" height=\"500\" width=\"700\" title=\"Herren 40_Platz 1\" alt=\"\" class=\"slider-2592 slide-2646\" \/><img loading=\"lazy\" decoding=\"async\" src=\"https:\/\/etvenns.at\/web\/wp-content\/uploads\/2019\/11\/Herren-Doppel-1.-Platz-scaled-700x500.jpg\" height=\"500\" width=\"700\" title=\"Herren Doppel 1. Platz\" alt=\"\" class=\"slider-2592 slide-2658\" \/><img loading=\"lazy\" decoding=\"async\" src=\"https:\/\/etvenns.at\/web\/wp-content\/uploads\/2019\/11\/Damen-Einzel_Platz-1-bis-3-scaled-700x500.jpg\" height=\"500\" width=\"700\" title=\"Damen Einzel_Platz 1 bis 3\" alt=\"\" class=\"slider-2592 slide-2630\" \/><img loading=\"lazy\" decoding=\"async\" src=\"https:\/\/etvenns.at\/web\/wp-content\/uploads\/2019\/11\/DSC09797-scaled-700x500.jpg\" height=\"500\" width=\"700\" title=\"DSC09797\" alt=\"\" class=\"slider-2592 slide-2642\" \/><img loading=\"lazy\" decoding=\"async\" src=\"https:\/\/etvenns.at\/web\/wp-content\/uploads\/2019\/11\/DSC_2767-scaled-700x500.jpg\" height=\"500\" width=\"700\" title=\"DSC_2767\" alt=\"\" class=\"slider-2592 slide-2636\" \/><img loading=\"lazy\" decoding=\"async\" src=\"https:\/\/etvenns.at\/web\/wp-content\/uploads\/2019\/11\/Herren-65_1-bis-3-scaled-700x500.jpg\" height=\"500\" width=\"700\" title=\"Herren 65_1 bis 3\" alt=\"\" class=\"slider-2592 slide-2656\" \/><img loading=\"lazy\" decoding=\"async\" src=\"https:\/\/etvenns.at\/web\/wp-content\/uploads\/2019\/11\/Herren-35-Doppel-1-bis-3-scaled-700x500.jpg\" height=\"500\" width=\"700\" title=\"Herren 35 Doppel 1 bis 3\" alt=\"\" class=\"slider-2592 slide-2645\" \/><img loading=\"lazy\" decoding=\"async\" src=\"https:\/\/etvenns.at\/web\/wp-content\/uploads\/2019\/11\/DSC_3193-scaled-700x500.jpg\" height=\"500\" width=\"700\" title=\"DSC_3193\" alt=\"\" class=\"slider-2592 slide-2639\" \/><img loading=\"lazy\" decoding=\"async\" src=\"https:\/\/etvenns.at\/web\/wp-content\/uploads\/2019\/11\/DSC_2771-700x500.jpg\" height=\"500\" width=\"700\" title=\"DSC_2771\" alt=\"\" class=\"slider-2592 slide-2637\" \/><img loading=\"lazy\" decoding=\"async\" src=\"https:\/\/etvenns.at\/web\/wp-content\/uploads\/2019\/11\/Herren-70_1-bis-3-scaled-700x500.jpg\" height=\"500\" width=\"700\" title=\"Herren 70_1 bis 3\" alt=\"\" class=\"slider-2592 slide-2657\" \/><img loading=\"lazy\" decoding=\"async\" src=\"https:\/\/etvenns.at\/web\/wp-content\/uploads\/2019\/11\/Herren-45_1-bis-3-scaled-700x500.jpg\" height=\"500\" width=\"700\" title=\"Herren 45_1 bis 3\" alt=\"\" class=\"slider-2592 slide-2647\" \/><img loading=\"lazy\" decoding=\"async\" src=\"https:\/\/etvenns.at\/web\/wp-content\/uploads\/2019\/11\/Herren-65-Doppel_1-bis-3-scaled-700x500.jpg\" height=\"500\" width=\"700\" title=\"Herren 65 Doppel_1 bis 3\" alt=\"\" class=\"slider-2592 slide-2655\" \/><img loading=\"lazy\" decoding=\"async\" src=\"https:\/\/etvenns.at\/web\/wp-content\/uploads\/2019\/11\/Herren-55-Doppel_1-und-2-scaled-700x500.jpg\" height=\"500\" width=\"700\" title=\"Herren 55 Doppel_1 und 2\" alt=\"\" class=\"slider-2592 slide-2651\" \/><img loading=\"lazy\" decoding=\"async\" src=\"https:\/\/etvenns.at\/web\/wp-content\/uploads\/2019\/11\/Herren-Einzel_3.-Platz-scaled-700x500.jpg\" height=\"500\" width=\"700\" title=\"Herren Einzel_3. Platz\" alt=\"\" class=\"slider-2592 slide-2660\" \/><img loading=\"lazy\" decoding=\"async\" src=\"https:\/\/etvenns.at\/web\/wp-content\/uploads\/2019\/11\/Herren-55_1-bis-3-scaled-700x500.jpg\" height=\"500\" width=\"700\" title=\"Herren 55_1 bis 3\" alt=\"\" class=\"slider-2592 slide-2653\" \/><\/div><\/div>\n        \n    <\/div>\n<\/div><\/div><p>Der ETV Enns &#8222;1874&#8220; fungierte im Zeitraum vom 13. bis 19.08.2018 als Gastgeber f\u00fcr die O\u00d6TV Landesmeisterschaften. <br>Dieses Jahr wurden die Landesmeistertitel sowohl in der Allgemeinen Klasse als auch bei den Seniorinnen und Senioren zeitgleich ermittelt. <br>Die Anzahl der Teilnehmerinnen und Teilnehmer blieb leider hinter den Erwartungen zur\u00fcck, nichts desto trotz standen bei hochsommerlichen Temperaturen erstklassige Begegnungen auf h\u00f6chstem Spielniveau auf der Tagesordnung. <br>Wir bedanken uns bei allen Spielerinnen und Spielern f\u00fcr die Teilnahme und gratulieren zu den Erfolgen, insbesondere Nina Walter und Dominic Weidinger zu den Landesmeistertiteln in der Allgemeinen Klasse.<\/p><p>Alle Ergebnisse im \u00dcberblick:<\/p><p>Damen &#8211; Allgemeine Klasse<\/p><p>1. und&nbsp;<em>Landesmeisterin<\/em>:&nbsp;<strong>Nina Walter&nbsp;<\/strong>(ATSV Casa Moda Steyr)<br>2.&nbsp;Sophie Mayr-Stockinger (UTC Fischer Ried)<br>3.&nbsp;Nina Pyringer (ASK\u00d6 Auhof)<br>&nbsp; &nbsp;&nbsp;Carina Essenhofer (ASK\u00d6 Auhof)<\/p><p>Herren &#8211; Allgemeine Klasse<\/p><p>1. und&nbsp;<em>Landemeister<\/em>:&nbsp;<strong>Dominic Weidinger<\/strong>&nbsp;(Union Stein&amp;Co Mauthausen)<br>2. Johannes M\u00fchlberger (\u00d6TB TV Urfahr)<br>3.&nbsp;Christopher Hutterer (ULTV Linz)<br>&nbsp; &nbsp;&nbsp;Simon Traxler (SPG Haid\/Ansfelden)<\/p><p>Damen Doppel &#8211; Allgemeine Klasse<\/p><p>1.&nbsp;Nina Walter (ATSV Casa Moda Steyr)\/Katharina Sommer (ASK\u00d6 Enns)<br>2.&nbsp;Nina Pyringer (ASK\u00d6 Auhof)\/Vanja Nedic (\u00d6TB TV Urfahr)<br>3.&nbsp;<strong>Melanie Felbermayr (ETV Enns 1874)\/Caroline Kocmann (ETV Enns 1874)<\/strong><br>&nbsp; &nbsp;&nbsp;Klara W\u00fcrzl (SPG Haid\/Ansfelden)\/Jana Gahleitner (SPG Puchenau)<\/p><p>Herren Doppel &#8211; Allgemeine Klasse<\/p><p>1.&nbsp;Johannes M\u00fchlberger (\u00d6TB TV Urfahr)\/Christopher Hutterer (ULTV Linz)<br>2.&nbsp;Simon Traxler (SPG Haid\/Ansfelden)\/Johannes Prammer (Tennisclub St. Valentin)<br>3.&nbsp;Stephan Tumphart (Tennisclub St. Valentin)\/<strong>J\u00fcrgen Schatz (ETV Enns 1874)<\/strong><br>&nbsp; &nbsp;&nbsp;Martin Ramsenthaler (UTC Gampern)\/David Rumpelsberger (ASK\u00d6 Auhof)<\/p><p>Damen 45<\/p><p>1.&nbsp;Gabriela Gusenbauer (ASK\u00d6 Enns)<br>2.&nbsp;Barbara Labmayer (ITW Wasserbetten Union Gmunden)<br>3.&nbsp;Andrea Vio (ATSV Casa Moda Steyr)<\/p><p>Herren 40<\/p><p>1.&nbsp;Ronald Hofstadler (SV Pregarten)<br>2.&nbsp;Elmar Streifert (\u00d6TB TV Perg)<br>3. Markus Lindner (UTC Katsdorf)<br>&nbsp; &nbsp;&nbsp;G\u00fcnther Fellner (ASV Bewegung Steyr)<\/p><p>Herren 45<\/p><p>1. Christian Prindl (TC Lenzing)<br>2.&nbsp;Thomas Pl\u00f6ckinger-Schatzl (UTC Linz DSG)<br>3.&nbsp;Horst Kroiss (TC Union Leonding)<br>&nbsp; &nbsp;&nbsp;Gerhard Haas (\u00d6TB TV Urfahr)<\/p><p>Herren 50<\/p><p>1.&nbsp;Manfred Denk (UTC Rottenbach)<br>2.&nbsp;Karl Pfanzeltner (ASV TC Weichstetten)<br>3.&nbsp;J\u00f6rg Lang (ASK\u00d6 Auhof)<br>&nbsp; &nbsp;&nbsp;Michael Hofmann (TC Neumarkt)<\/p><p>Herren 50 B-Bewerb<\/p><p>1.&nbsp;Josef Pfanzeltner (ASK\u00d6 Gro\u00dframing)<br>2.&nbsp;G\u00fcnter Seidl (UTC Gerersdorf)<br>3.&nbsp;<strong>Andreas P\u00f6chtrager (ETV Enns 1874)<\/strong><br>&nbsp; &nbsp;&nbsp;Walter Gruber (ASV TC Weichstetten)<\/p><p>Herren 55<\/p><p>1. Karl Pfanzeltner (ASV TC Weichstetten)<br>2.&nbsp;Josef Pfanzeltner (ASK\u00d6 Gro\u00dframing)<br>3.&nbsp;Michael Paleczek (TC Gmunden)<br>&nbsp; &nbsp;&nbsp;Otto Hofmeister (DSG Union Gr\u00fcnbach)<\/p><p>Herren 60<\/p><p>1.&nbsp;Johann Ebner (DSG Union Gr\u00fcnbach)<br>2.&nbsp;G\u00fcnther Fellner (ASV Bewegung Steyr)<br>3.&nbsp;<strong>Manfred Forster (ETV Enns 1874)<\/strong><br>&nbsp; &nbsp;&nbsp;Peter Mittermaier (Freist\u00e4dter Freizeitclub)<\/p><p>Herren 65<\/p><p>1.&nbsp;Peter Burgstaller (ASK\u00d6 Auhof)<br>2.&nbsp;Hannes Fritz (ASK\u00d6 Auhof)<br>3.&nbsp;Kurt Moser (UTC Raab)<br>&nbsp; &nbsp;&nbsp;<strong>Erwin Voglsam (ETV Enns 1874)<\/strong><\/p><p>Herren 70<\/p><p>1.&nbsp;Wilhelm Wurzer (ASK\u00d6 TC Kematen\/Ybbs)<br>2.&nbsp;Ludwig Hofer (Welser Turnverein 1862)<br>3.&nbsp;<strong>Rudolf Hizman (ETV Enns 1874)<\/strong><br>&nbsp; &nbsp;&nbsp;Josephe De Gregorio (TC Gmunden)<\/p><p>Herren 35 Doppel<\/p><p>1. Manfred Prammer (SV Pregarten)\/Markus Lindner (UTC Katsdorf)<br>2.&nbsp;<strong>Rudolf Eder (ETV Enns 1874)\/Harald Sch\u00f6fberger (ETV Enns 1874)<\/strong><br>3.&nbsp;Klaus Mader (ASV Bewegung Steyr)\/G\u00fcnther Fellner (ASV Bewegung Steyr)<\/p><p>Herren 45 Doppel<\/p><p>1.&nbsp;J\u00f6rg Lang (ASK\u00d6 Auhof)\/Thomas Pl\u00f6ckinger-Schatzl (UTC Linz DSG)<br>2. Martin Graski (ASK\u00d6 solarCity Tennis)\/Gerald Kneidinger (ULTV Linz)<br>3.&nbsp;Walter Gruber (ASV TC Weichstetten)\/Alfred Zeihsel (ASV TC Weichstetten)<\/p><p>Herren 55 Doppel<\/p><p>1. Michael Paleczek (TC Gmunden 1903)\/Heinz Mayer (TC Gmunden 1903)<br>2.&nbsp;Karl Pfanzeltner (ASV TC Weichstetten)\/Josef Pfanzeltner (ASK\u00d6 Gro\u00dframing)<br>3.&nbsp;Johann Ebner (DSG Union Gr\u00fcnbach)\/Otto Hofmeister (DSG Union Gr\u00fcnbach)<br>&nbsp; &nbsp;&nbsp;<strong>Josef Haidinger (ETV Enns 1874)\/Peter D\u00f6berl (ETV Enns 1874)<\/strong><\/p><p>Herren 65 Doppel<\/p><p>1.&nbsp;Peter Burgstaller(ASK\u00d6 Auhof)\/Hannes Fritz (ASK\u00d6 Auhof)<br>2.&nbsp;Ludwig Hofer (Welser Turnverein 1862)\/Wilhelm Wurzer (ASK\u00d6 TC Kematen\/Ybbs)<br>3.<strong>&nbsp;Walter Wieshofer (ETV Enns 1874)\/Erwin Voglsam (ETV Enns 1874)<\/strong><\/p><blockquote class=\"wp-block-quote is-layout-flow wp-block-quote-is-layout-flow\"><p><strong>Wir gratulieren!!!<\/strong><\/p><\/blockquote><p><\/p>","protected":false},"excerpt":{"rendered":"<p>Der ETV Enns &#8222;1874&#8220; fungierte im Zeitraum vom 13. bis 19.08.2018 als Gastgeber f\u00fcr die O\u00d6TV Landesmeisterschaften. Dieses Jahr wurden die Landesmeistertitel sowohl in der Allgemeinen Klasse als auch bei &#8230;<\/p>\n","protected":false},"author":3,"featured_media":2627,"comment_status":"closed","ping_status":"open","sticky":false,"template":"","format":"standard","meta":{"footnotes":""},"categories":[3],"tags":[],"class_list":["post-2663","post","type-post","status-publish","format-standard","has-post-thumbnail","hentry","category-turnier"],"_links":{"self":[{"href":"https:\/\/etvenns.at\/web\/wp-json\/wp\/v2\/posts\/2663"}],"collection":[{"href":"https:\/\/etvenns.at\/web\/wp-json\/wp\/v2\/posts"}],"about":[{"href":"https:\/\/etvenns.at\/web\/wp-json\/wp\/v2\/types\/post"}],"author":[{"embeddable":true,"href":"https:\/\/etvenns.at\/web\/wp-json\/wp\/v2\/users\/3"}],"replies":[{"embeddable":true,"href":"https:\/\/etvenns.at\/web\/wp-json\/wp\/v2\/comments?post=2663"}],"version-history":[{"count":1,"href":"https:\/\/etvenns.at\/web\/wp-json\/wp\/v2\/posts\/2663\/revisions"}],"predecessor-version":[{"id":2664,"href":"https:\/\/etvenns.at\/web\/wp-json\/wp\/v2\/posts\/2663\/revisions\/2664"}],"wp:featuredmedia":[{"embeddable":true,"href":"https:\/\/etvenns.at\/web\/wp-json\/wp\/v2\/media\/2627"}],"wp:attachment":[{"href":"https:\/\/etvenns.at\/web\/wp-json\/wp\/v2\/media?parent=2663"}],"wp:term":[{"taxonomy":"category","embeddable":true,"href":"https:\/\/etvenns.at\/web\/wp-json\/wp\/v2\/categories?post=2663"},{"taxonomy":"post_tag","embeddable":true,"href":"https:\/\/etvenns.at\/web\/wp-json\/wp\/v2\/tags?post=2663"}],"curies":[{"name":"wp","href":"https:\/\/api.w.org\/{rel}","templated":true}]}}