{"id":1796,"date":"2019-09-20T19:43:00","date_gmt":"2019-09-20T17:43:00","guid":{"rendered":"http:\/\/etvenns.at.w014cfea.kasserver.com\/web\/?p=1796"},"modified":"2019-11-19T21:44:25","modified_gmt":"2019-11-19T20:44:25","slug":"herren-45-doppelturnier-der-fixpunkt-im-jaehrlichen-terminkalender","status":"publish","type":"post","link":"https:\/\/etvenns.at\/web\/2019\/09\/20\/herren-45-doppelturnier-der-fixpunkt-im-jaehrlichen-terminkalender\/","title":{"rendered":"Herren +45 Doppelturnier &#8211; DER Fixpunkt im j\u00e4hrlichen Terminkalender"},"content":{"rendered":"<div class=\"alignnormal\"><div id=\"metaslider-id-1804\" style=\"max-width: 700px; margin: 0 auto;\" class=\"ml-slider-3-98-0 metaslider metaslider-nivo metaslider-1804 ml-slider ms-theme-default\" role=\"region\" aria-roledescription=\"Slideshow\" aria-label=\"2019_Herren45Doppelturnier\" data-width=\"700\">\n    <div id=\"metaslider_container_1804\">\n        <div class='slider-wrapper theme-default'><div class='ribbon'><\/div><div id='metaslider_1804' class='nivoSlider'><img loading=\"lazy\" decoding=\"async\" src=\"https:\/\/etvenns.at\/web\/wp-content\/uploads\/2019\/11\/PICT8453_Steinpasskonektion-scaled-700x500.jpg\" height=\"500\" width=\"700\" data-caption=\"KONICA MINOLTA DIGITAL CAMERA\" title=\"KONICA MINOLTA DIGITAL CAMERA\" alt=\"\" class=\"slider-1804 slide-1825\" \/><img loading=\"lazy\" decoding=\"async\" src=\"https:\/\/etvenns.at\/web\/wp-content\/uploads\/2019\/11\/PICT8436_Reini-u-Erwin-scaled-700x500.jpg\" height=\"500\" width=\"700\" data-caption=\"KONICA MINOLTA DIGITAL CAMERA\" title=\"KONICA MINOLTA DIGITAL CAMERA\" alt=\"\" class=\"slider-1804 slide-1822\" \/><img loading=\"lazy\" decoding=\"async\" src=\"https:\/\/etvenns.at\/web\/wp-content\/uploads\/2019\/11\/DSC03868-scaled-700x500.jpg\" height=\"500\" width=\"700\" title=\"DSC03868\" alt=\"\" class=\"slider-1804 slide-1817\" \/><img loading=\"lazy\" decoding=\"async\" src=\"https:\/\/etvenns.at\/web\/wp-content\/uploads\/2019\/11\/PICT8460_Alex-und-Siegi-Platz-2-scaled-700x500.jpg\" height=\"500\" width=\"700\" data-caption=\"KONICA MINOLTA DIGITAL CAMERA\" title=\"KONICA MINOLTA DIGITAL CAMERA\" alt=\"\" class=\"slider-1804 slide-1827\" \/><img loading=\"lazy\" decoding=\"async\" src=\"https:\/\/etvenns.at\/web\/wp-content\/uploads\/2019\/11\/PICT8464_Siegerehrung-scaled-700x500.jpg\" height=\"500\" width=\"700\" data-caption=\"KONICA MINOLTA DIGITAL CAMERA\" title=\"KONICA MINOLTA DIGITAL CAMERA\" alt=\"\" class=\"slider-1804 slide-1828\" \/><img loading=\"lazy\" decoding=\"async\" src=\"https:\/\/etvenns.at\/web\/wp-content\/uploads\/2019\/11\/DSC03880-scaled-700x500.jpg\" height=\"500\" width=\"700\" title=\"DSC03880\" alt=\"\" class=\"slider-1804 slide-1819\" \/><img loading=\"lazy\" decoding=\"async\" src=\"https:\/\/etvenns.at\/web\/wp-content\/uploads\/2019\/11\/PICT8439_Sieger-scaled-700x500.jpg\" height=\"500\" width=\"700\" data-caption=\"KONICA MINOLTA DIGITAL CAMERA\" title=\"KONICA MINOLTA DIGITAL CAMERA\" alt=\"\" class=\"slider-1804 slide-1823\" \/><img loading=\"lazy\" decoding=\"async\" src=\"https:\/\/etvenns.at\/web\/wp-content\/uploads\/2019\/11\/PICT8450_Stimmung-scaled-700x500.jpg\" height=\"500\" width=\"700\" data-caption=\"KONICA MINOLTA DIGITAL CAMERA\" title=\"KONICA MINOLTA DIGITAL CAMERA\" alt=\"\" class=\"slider-1804 slide-1824\" \/><img loading=\"lazy\" decoding=\"async\" src=\"https:\/\/etvenns.at\/web\/wp-content\/uploads\/2019\/11\/PICT8430_Teilnehmer-scaled-700x500.jpg\" height=\"500\" width=\"700\" data-caption=\"KONICA MINOLTA DIGITAL CAMERA\" title=\"KONICA MINOLTA DIGITAL CAMERA\" alt=\"\" class=\"slider-1804 slide-1820\" \/><img loading=\"lazy\" decoding=\"async\" src=\"https:\/\/etvenns.at\/web\/wp-content\/uploads\/2019\/11\/PICT8433Robert-u-Walter-scaled-700x500.jpg\" height=\"500\" width=\"700\" data-caption=\"KONICA MINOLTA DIGITAL CAMERA\" title=\"KONICA MINOLTA DIGITAL CAMERA\" alt=\"\" class=\"slider-1804 slide-1821\" \/><img loading=\"lazy\" decoding=\"async\" src=\"https:\/\/etvenns.at\/web\/wp-content\/uploads\/2019\/11\/PICT8457Reini-u-Erwin-scaled-700x500.jpg\" height=\"500\" width=\"700\" data-caption=\"KONICA MINOLTA DIGITAL CAMERA\" title=\"KONICA MINOLTA DIGITAL CAMERA\" alt=\"\" class=\"slider-1804 slide-1826\" \/><img loading=\"lazy\" decoding=\"async\" src=\"https:\/\/etvenns.at\/web\/wp-content\/uploads\/2019\/11\/DSC03874-scaled-700x500.jpg\" height=\"500\" width=\"700\" title=\"DSC03874\" alt=\"\" class=\"slider-1804 slide-1818\" \/><\/div><\/div>\n        \n    <\/div>\n<\/div><\/div><p>Am Freitag, dem 20.09.2019, fand wieder das traditionelle Herren +45 Doppelturnier statt. <br>Ein strahlender Sp\u00e4tsommertag erwartete die 14 Teilnehmer, \u00fcber die Doppelpaarungen entschied wie immer das Los. <br>Nach insgesamt 16 S\u00e4tzen und 129 Games standen die Sieger fest \u2013 wie im Vorjahr standen Josef Haidinger und G\u00fcnther Fellerer ganz oben am Stockerl. <br>Die Sieger konnten sich mit einem 7:5-Sieg gegen Alexander Tischhart und Siegfried Mauhart durchsetzen, Platz 3 belegte das \u201eSteinpass\u201c-Doppel Peter D\u00f6berl und Manfred Forster. <br>Wir gratulieren! <\/p>","protected":false},"excerpt":{"rendered":"<p>Am Freitag, dem 20.09.2019, fand wieder das traditionelle Herren +45 Doppelturnier statt. Ein strahlender Sp\u00e4tsommertag erwartete die 14 Teilnehmer, \u00fcber die Doppelpaarungen entschied wie immer das Los. Nach insgesamt 16 &#8230;<\/p>\n","protected":false},"author":3,"featured_media":1800,"comment_status":"closed","ping_status":"open","sticky":false,"template":"","format":"standard","meta":{"footnotes":""},"categories":[3,35],"tags":[],"class_list":["post-1796","post","type-post","status-publish","format-standard","has-post-thumbnail","hentry","category-turnier","category-veranstaltung"],"_links":{"self":[{"href":"https:\/\/etvenns.at\/web\/wp-json\/wp\/v2\/posts\/1796"}],"collection":[{"href":"https:\/\/etvenns.at\/web\/wp-json\/wp\/v2\/posts"}],"about":[{"href":"https:\/\/etvenns.at\/web\/wp-json\/wp\/v2\/types\/post"}],"author":[{"embeddable":true,"href":"https:\/\/etvenns.at\/web\/wp-json\/wp\/v2\/users\/3"}],"replies":[{"embeddable":true,"href":"https:\/\/etvenns.at\/web\/wp-json\/wp\/v2\/comments?post=1796"}],"version-history":[{"count":4,"href":"https:\/\/etvenns.at\/web\/wp-json\/wp\/v2\/posts\/1796\/revisions"}],"predecessor-version":[{"id":1977,"href":"https:\/\/etvenns.at\/web\/wp-json\/wp\/v2\/posts\/1796\/revisions\/1977"}],"wp:featuredmedia":[{"embeddable":true,"href":"https:\/\/etvenns.at\/web\/wp-json\/wp\/v2\/media\/1800"}],"wp:attachment":[{"href":"https:\/\/etvenns.at\/web\/wp-json\/wp\/v2\/media?parent=1796"}],"wp:term":[{"taxonomy":"category","embeddable":true,"href":"https:\/\/etvenns.at\/web\/wp-json\/wp\/v2\/categories?post=1796"},{"taxonomy":"post_tag","embeddable":true,"href":"https:\/\/etvenns.at\/web\/wp-json\/wp\/v2\/tags?post=1796"}],"curies":[{"name":"wp","href":"https:\/\/api.w.org\/{rel}","templated":true}]}}