{"id":1766,"date":"2019-09-26T19:07:00","date_gmt":"2019-09-26T17:07:00","guid":{"rendered":"http:\/\/etvenns.at.w014cfea.kasserver.com\/web\/?p=1766"},"modified":"2020-03-02T18:26:06","modified_gmt":"2020-03-02T17:26:06","slug":"jugend-meisterschaftsfeier","status":"publish","type":"post","link":"https:\/\/etvenns.at\/web\/2019\/09\/26\/jugend-meisterschaftsfeier\/","title":{"rendered":"Jugend-Meisterschaftsfeier"},"content":{"rendered":"<p>Die gemeinsame Feier&nbsp;aller drei Mannschaften bildete den&nbsp;kr\u00f6nenden Abschluss der Jugend-Meisterschaften 2019.<\/p><div class=\"alignnormal\"><div id=\"metaslider-id-1781\" style=\"max-width: 700px; margin: 0 auto;\" class=\"ml-slider-3-98-0 metaslider metaslider-nivo metaslider-1781 ml-slider ms-theme-default\" role=\"region\" aria-roledescription=\"Slideshow\" aria-label=\"2019_Jugend-Meisterschaftsfeier\" data-width=\"700\">\n    <div id=\"metaslider_container_1781\">\n        <div class='slider-wrapper theme-default'><div class='ribbon'><\/div><div id='metaslider_1781' class='nivoSlider'><img loading=\"lazy\" decoding=\"async\" src=\"https:\/\/etvenns.at\/web\/wp-content\/uploads\/2019\/11\/DSC03898-1-scaled-700x500.jpg\" height=\"500\" width=\"700\" title=\"DSC03898\" alt=\"\" class=\"slider-1781 slide-1789\" \/><img loading=\"lazy\" decoding=\"async\" src=\"https:\/\/etvenns.at\/web\/wp-content\/uploads\/2019\/11\/DSC03890-scaled-700x500.jpg\" height=\"500\" width=\"700\" title=\"DSC03890\" alt=\"\" class=\"slider-1781 slide-1788\" \/><img loading=\"lazy\" decoding=\"async\" src=\"https:\/\/etvenns.at\/web\/wp-content\/uploads\/2019\/11\/DSC03902-scaled-700x500.jpg\" height=\"500\" width=\"700\" title=\"DSC03902\" alt=\"\" class=\"slider-1781 slide-1790\" \/><img loading=\"lazy\" decoding=\"async\" src=\"https:\/\/etvenns.at\/web\/wp-content\/uploads\/2019\/11\/DSC03908-scaled-700x500.jpg\" height=\"500\" width=\"700\" title=\"DSC03908\" alt=\"\" class=\"slider-1781 slide-1791\" \/><\/div><\/div>\n        \n    <\/div>\n<\/div><\/div><p>Am letzten Meisterschaftstag fand am sp\u00e4ten Nachmittag die gemeinsame Meisterschaftsfeier statt. <br>Alle Spielerinnen und Spieler sowie die BetreuerInnen wurden mit gegrillten K\u00f6stlichkeiten von Szabi und Freigetr\u00e4nken f\u00fcr ihren Einsatz belohnt. <\/p><p>Unsere Mannschaften im \u00dcberblick:<br><a href=\"https:\/\/www.ooetv.at\/liga\/vereine\/verein\/mannschaften\/mannschaft\/m\/414033.html\">KidsTeam<\/a><br><a href=\"https:\/\/www.ooetv.at\/liga\/vereine\/verein\/mannschaften\/mannschaft\/m\/414071.html\">GreenTeam<\/a><br><a href=\"https:\/\/www.ooetv.at\/liga\/vereine\/verein\/mannschaften\/mannschaft\/m\/414435.html\">JuniorTeam<\/a><\/p><blockquote class=\"wp-block-quote is-layout-flow wp-block-quote-is-layout-flow\"><p>Nach der Meisterschaft ist vor der Meisterschaft!<br>Wir freuen uns schon auf 2020!<\/p><\/blockquote><div class=\"wp-block-group is-layout-flow wp-block-group-is-layout-flow\"><div class=\"wp-block-group__inner-container\"><\/div><\/div>","protected":false},"excerpt":{"rendered":"<p>Die gemeinsame Feier&nbsp;aller drei Mannschaften bildete den&nbsp;kr\u00f6nenden Abschluss der Jugend-Meisterschaften 2019. Am letzten Meisterschaftstag fand am sp\u00e4ten Nachmittag die gemeinsame Meisterschaftsfeier statt. Alle Spielerinnen und Spieler sowie die BetreuerInnen wurden &#8230;<\/p>\n","protected":false},"author":3,"featured_media":1767,"comment_status":"closed","ping_status":"open","sticky":false,"template":"","format":"standard","meta":{"footnotes":""},"categories":[36,39],"tags":[],"class_list":["post-1766","post","type-post","status-publish","format-standard","has-post-thumbnail","hentry","category-jugend","category-meisterschaft"],"_links":{"self":[{"href":"https:\/\/etvenns.at\/web\/wp-json\/wp\/v2\/posts\/1766"}],"collection":[{"href":"https:\/\/etvenns.at\/web\/wp-json\/wp\/v2\/posts"}],"about":[{"href":"https:\/\/etvenns.at\/web\/wp-json\/wp\/v2\/types\/post"}],"author":[{"embeddable":true,"href":"https:\/\/etvenns.at\/web\/wp-json\/wp\/v2\/users\/3"}],"replies":[{"embeddable":true,"href":"https:\/\/etvenns.at\/web\/wp-json\/wp\/v2\/comments?post=1766"}],"version-history":[{"count":9,"href":"https:\/\/etvenns.at\/web\/wp-json\/wp\/v2\/posts\/1766\/revisions"}],"predecessor-version":[{"id":1976,"href":"https:\/\/etvenns.at\/web\/wp-json\/wp\/v2\/posts\/1766\/revisions\/1976"}],"wp:featuredmedia":[{"embeddable":true,"href":"https:\/\/etvenns.at\/web\/wp-json\/wp\/v2\/media\/1767"}],"wp:attachment":[{"href":"https:\/\/etvenns.at\/web\/wp-json\/wp\/v2\/media?parent=1766"}],"wp:term":[{"taxonomy":"category","embeddable":true,"href":"https:\/\/etvenns.at\/web\/wp-json\/wp\/v2\/categories?post=1766"},{"taxonomy":"post_tag","embeddable":true,"href":"https:\/\/etvenns.at\/web\/wp-json\/wp\/v2\/tags?post=1766"}],"curies":[{"name":"wp","href":"https:\/\/api.w.org\/{rel}","templated":true}]}}